{"id":17560,"date":"2025-08-06T13:32:38","date_gmt":"2025-08-06T18:32:38","guid":{"rendered":"https:\/\/www.radiointeractivo.com.mx\/?p=17560"},"modified":"2025-08-06T13:32:41","modified_gmt":"2025-08-06T18:32:41","slug":"secretaria-de-bienestar-social-realiza-jornada-de-salud-para-promover-el-autocuidado-en-la-ciudadania","status":"publish","type":"post","link":"https:\/\/www.radiointeractivo.com.mx\/?p=17560","title":{"rendered":"Secretar\u00eda de Bienestar Social realiza jornada de salud para promover el autocuidado en la ciudadan\u00eda"},"content":{"rendered":"\n<figure class=\"wp-block-image size-full\"><img loading=\"lazy\" decoding=\"async\" width=\"961\" height=\"960\" src=\"https:\/\/www.radiointeractivo.com.mx\/wp-content\/uploads\/2025\/08\/WhatsApp-Image-2025-08-06-at-11.23.41-AM.jpeg\" alt=\"\" class=\"wp-image-17561\" srcset=\"https:\/\/www.radiointeractivo.com.mx\/wp-content\/uploads\/2025\/08\/WhatsApp-Image-2025-08-06-at-11.23.41-AM.jpeg 961w, https:\/\/www.radiointeractivo.com.mx\/wp-content\/uploads\/2025\/08\/WhatsApp-Image-2025-08-06-at-11.23.41-AM-300x300.jpeg 300w, https:\/\/www.radiointeractivo.com.mx\/wp-content\/uploads\/2025\/08\/WhatsApp-Image-2025-08-06-at-11.23.41-AM-150x150.jpeg 150w, https:\/\/www.radiointeractivo.com.mx\/wp-content\/uploads\/2025\/08\/WhatsApp-Image-2025-08-06-at-11.23.41-AM-768x767.jpeg 768w\" sizes=\"auto, (max-width: 961px) 100vw, 961px\" \/><\/figure>\n\n\n\n<p>Por: Staff | #NuevoLaredo #Laredo #NLD #Tamaulipas<\/p>\n\n\n\n<p>Con el objetivo de prevenir enfermedades y fomentar el autocuidado, la Secretar\u00eda de Bienestar Social del Gobierno Municipal llev\u00f3 a cabo una jornada de salud dirigida a la ciudadan\u00eda en general, en la que se ofrecieron revisiones gratuitas de niveles de glucosa y presi\u00f3n arterial.<\/p>\n\n\n\n<p>La actividad se desarroll\u00f3 frente a las oficinas de S\u00edndicos y Regidores en la Presidencia Municipal, donde personal m\u00e9dico brind\u00f3 atenci\u00f3n a las personas que acud\u00edan a realizar alg\u00fan tr\u00e1mite, adem\u00e1s de ofrecer orientaci\u00f3n sobre h\u00e1bitos de vida saludables.<\/p>\n\n\n\n<p>\u201cEstas acciones forman parte del compromiso del Gobierno Municipal de acercar servicios b\u00e1sicos de salud a quienes m\u00e1s lo necesitan y promover la prevenci\u00f3n como una herramienta clave para el bienestar de la poblaci\u00f3n\u201d, destac\u00f3 personal de la dependencia.<\/p>\n\n\n\n<p>La jornada fue bien recibida por la ciudadan\u00eda, que aprovech\u00f3 la oportunidad de monitorear su estado de salud sin costo alguno y recibir informaci\u00f3n \u00fatil para el cuidado personal.<\/p>\n\n\n\n<p>Con este tipo de iniciativas, el Gobierno Municipal reafirma su labor en favor de la salud p\u00fablica, extendiendo el alcance de servicios esenciales a diversos sectores de la comunidad.<\/p>\n","protected":false},"excerpt":{"rendered":"<p>Por: Staff | #NuevoLaredo #Laredo #NLD #Tamaulipas Con el objetivo de prevenir enfermedades y fomentar el autocuidado, la Secretar\u00eda de Bienestar Social del Gobierno Municipal llev\u00f3 a cabo una jornada de salud dirigida a la ciudadan\u00eda en general, en la que se ofrecieron revisiones gratuitas de niveles de glucosa y presi\u00f3n arterial. La actividad se &hellip;<\/p>\n","protected":false},"author":1,"featured_media":17561,"comment_status":"open","ping_status":"open","sticky":false,"template":"","format":"standard","meta":{"footnotes":""},"categories":[38],"tags":[],"class_list":["post-17560","post","type-post","status-publish","format-standard","has-post-thumbnail","","category-nuevo-laredo"],"_links":{"self":[{"href":"https:\/\/www.radiointeractivo.com.mx\/index.php?rest_route=\/wp\/v2\/posts\/17560","targetHints":{"allow":["GET"]}}],"collection":[{"href":"https:\/\/www.radiointeractivo.com.mx\/index.php?rest_route=\/wp\/v2\/posts"}],"about":[{"href":"https:\/\/www.radiointeractivo.com.mx\/index.php?rest_route=\/wp\/v2\/types\/post"}],"author":[{"embeddable":true,"href":"https:\/\/www.radiointeractivo.com.mx\/index.php?rest_route=\/wp\/v2\/users\/1"}],"replies":[{"embeddable":true,"href":"https:\/\/www.radiointeractivo.com.mx\/index.php?rest_route=%2Fwp%2Fv2%2Fcomments&post=17560"}],"version-history":[{"count":1,"href":"https:\/\/www.radiointeractivo.com.mx\/index.php?rest_route=\/wp\/v2\/posts\/17560\/revisions"}],"predecessor-version":[{"id":17562,"href":"https:\/\/www.radiointeractivo.com.mx\/index.php?rest_route=\/wp\/v2\/posts\/17560\/revisions\/17562"}],"wp:featuredmedia":[{"embeddable":true,"href":"https:\/\/www.radiointeractivo.com.mx\/index.php?rest_route=\/wp\/v2\/media\/17561"}],"wp:attachment":[{"href":"https:\/\/www.radiointeractivo.com.mx\/index.php?rest_route=%2Fwp%2Fv2%2Fmedia&parent=17560"}],"wp:term":[{"taxonomy":"category","embeddable":true,"href":"https:\/\/www.radiointeractivo.com.mx\/index.php?rest_route=%2Fwp%2Fv2%2Fcategories&post=17560"},{"taxonomy":"post_tag","embeddable":true,"href":"https:\/\/www.radiointeractivo.com.mx\/index.php?rest_route=%2Fwp%2Fv2%2Ftags&post=17560"}],"curies":[{"name":"wp","href":"https:\/\/api.w.org\/{rel}","templated":true}]}}