{"id":17511,"date":"2025-08-02T11:46:08","date_gmt":"2025-08-02T16:46:08","guid":{"rendered":"https:\/\/www.radiointeractivo.com.mx\/?p=17511"},"modified":"2025-08-02T11:46:10","modified_gmt":"2025-08-02T16:46:10","slug":"impulsa-gobierno-municipal-nuevas-rutas-expres-de-transporte-publico-en-nuevo-laredo","status":"publish","type":"post","link":"https:\/\/www.radiointeractivo.com.mx\/?p=17511","title":{"rendered":"Impulsa Gobierno Municipal nuevas rutas expr\u00e9s de transporte p\u00fablico en Nuevo Laredo"},"content":{"rendered":"\n<figure class=\"wp-block-image size-large\"><img loading=\"lazy\" decoding=\"async\" width=\"1024\" height=\"683\" src=\"https:\/\/www.radiointeractivo.com.mx\/wp-content\/uploads\/2025\/08\/WhatsApp-Image-2025-08-02-at-10.16.19-AM-1-1024x683.jpeg\" alt=\"\" class=\"wp-image-17512\" srcset=\"https:\/\/www.radiointeractivo.com.mx\/wp-content\/uploads\/2025\/08\/WhatsApp-Image-2025-08-02-at-10.16.19-AM-1-1024x683.jpeg 1024w, https:\/\/www.radiointeractivo.com.mx\/wp-content\/uploads\/2025\/08\/WhatsApp-Image-2025-08-02-at-10.16.19-AM-1-300x200.jpeg 300w, https:\/\/www.radiointeractivo.com.mx\/wp-content\/uploads\/2025\/08\/WhatsApp-Image-2025-08-02-at-10.16.19-AM-1-768x512.jpeg 768w, https:\/\/www.radiointeractivo.com.mx\/wp-content\/uploads\/2025\/08\/WhatsApp-Image-2025-08-02-at-10.16.19-AM-1.jpeg 1292w\" sizes=\"auto, (max-width: 1024px) 100vw, 1024px\" \/><\/figure>\n\n\n\n<p>Por: Staff | #NuevoLaredo #Laredo #NLD #Tamaulipas<\/p>\n\n\n\n<p>Con el objetivo de mejorar la movilidad urbana y brindar un servicio m\u00e1s \u00e1gil y directo a la ciudadan\u00eda, el Gobierno Municipal de Nuevo Laredo, encabezado por la presidenta municipal Carmen Lilia Canturosas Villarreal, anunci\u00f3 la puesta en marcha de dos nuevas rutas expr\u00e9s de transporte p\u00fablico, que comenzar\u00e1n a operar a partir del lunes 4 de agosto.<\/p>\n\n\n\n<p>Las rutas cubrir\u00e1n los trayectos Valles de An\u00e1huac\u2013Centro y Villas de San Miguel\u2013Centro, sin paradas intermedias, facilitando un traslado m\u00e1s r\u00e1pido desde el poniente de la ciudad hacia la zona centro. Cada ruta ofrecer\u00e1 tres salidas por la ma\u00f1ana y tres por la tarde, con un costo general de 11 pesos por viaje.<\/p>\n\n\n\n<p>\u201cEn este gobierno estamos comprometidos con ofrecer soluciones que impacten positivamente en la vida diaria de nuestra gente. Estas rutas expr\u00e9s son una respuesta clara a quienes ped\u00edan un transporte m\u00e1s eficiente y directo. Seguiremos trabajando para que cada rinc\u00f3n de Nuevo Laredo cuente con una movilidad digna y moderna\u201d, afirm\u00f3 la alcaldesa Carmen Lilia Canturosas Villarreal.<\/p>\n\n\n\n<p>Los recorridos de las rutas son los siguientes:<\/p>\n\n\n\n<p>Valles de An\u00e1huac \u2013 Centro: Carretera An\u00e1huac, Venezuela, C\u00e9sar L\u00f3pez de Lara, calle Mina y Morelos, concluyendo en la Central de Autobuses en la avenida Gonz\u00e1lez.<\/p>\n\n\n\n<p>Villas de San Miguel \u2013 Centro: Segundo Anillo Perif\u00e9rico, Carretera An\u00e1huac, Venezuela, L\u00f3pez de Lara, Mina y Morelos, hasta la Central de Autobuses.<\/p>\n\n\n\n<p>Ambas rutas operar\u00e1n en modalidad expr\u00e9s, como una prueba piloto durante 30 d\u00edas, y su continuidad depender\u00e1 de la aceptaci\u00f3n por parte de los usuarios, seg\u00fan inform\u00f3 Gilberto Mart\u00ednez Arcega, delegado de Transporte P\u00fablico en la ciudad.<\/p>\n\n\n\n<p>\u201cEstas rutas fueron solicitadas por los ciudadanos debido a los largos tiempos de espera y traslados. Hoy les damos una soluci\u00f3n r\u00e1pida y directa. La instrucci\u00f3n de nuestra alcaldesa es clara: facilitar el d\u00eda a d\u00eda de los neolaredenses, en especial de quienes trabajan y estudian desde temprano\u201d, explic\u00f3 Mart\u00ednez Arcega.<\/p>\n\n\n\n<p>Este avance ha sido posible gracias a la coordinaci\u00f3n entre el Gobierno Municipal, el Gobierno del Estado, encabezado por el gobernador Am\u00e9rico Villarreal Anaya, y la Secretar\u00eda de Transporte, con el objetivo de ofrecer soluciones de movilidad eficientes y seguras.<\/p>\n\n\n\n<p>Las nuevas rutas complementar\u00e1n al sistema actual de transporte, que incluye servicios tradicionales como las rutas 20 de Noviembre, Villas-Valles y Conalep Villas-Valles, las cuales continuar\u00e1n operando para atender otras zonas como Torres, Municipio Libre, el Tecnol\u00f3gico y Soriana.<\/p>\n\n\n\n<p>Mart\u00ednez Arcega tambi\u00e9n adelant\u00f3 que ya se trabaja en nuevas propuestas para mejorar la conectividad en la zona sur de la ciudad, as\u00ed como en la incorporaci\u00f3n de unidades tipo Crafter que brindar\u00e1n servicio en el primer cuadro de la ciudad con paradas en centros comerciales, oficinas gubernamentales, parques como Viveros y el zool\u00f3gico, y zonas escolares.<\/p>\n\n\n\n<p>Con la integraci\u00f3n de estas dos nuevas rutas, el sistema de transporte p\u00fablico de Nuevo Laredo pasar\u00e1 de 23 a 25 rutas, con posibilidad de seguir ampli\u00e1ndose conforme a la demanda de la ciudadan\u00eda.<\/p>\n","protected":false},"excerpt":{"rendered":"<p>Por: Staff | #NuevoLaredo #Laredo #NLD #Tamaulipas Con el objetivo de mejorar la movilidad urbana y brindar un servicio m\u00e1s \u00e1gil y directo a la ciudadan\u00eda, el Gobierno Municipal de Nuevo Laredo, encabezado por la presidenta municipal Carmen Lilia Canturosas Villarreal, anunci\u00f3 la puesta en marcha de dos nuevas rutas expr\u00e9s de transporte p\u00fablico, que &hellip;<\/p>\n","protected":false},"author":1,"featured_media":17513,"comment_status":"open","ping_status":"open","sticky":false,"template":"","format":"standard","meta":{"footnotes":""},"categories":[38],"tags":[],"class_list":["post-17511","post","type-post","status-publish","format-standard","has-post-thumbnail","","category-nuevo-laredo"],"_links":{"self":[{"href":"https:\/\/www.radiointeractivo.com.mx\/index.php?rest_route=\/wp\/v2\/posts\/17511","targetHints":{"allow":["GET"]}}],"collection":[{"href":"https:\/\/www.radiointeractivo.com.mx\/index.php?rest_route=\/wp\/v2\/posts"}],"about":[{"href":"https:\/\/www.radiointeractivo.com.mx\/index.php?rest_route=\/wp\/v2\/types\/post"}],"author":[{"embeddable":true,"href":"https:\/\/www.radiointeractivo.com.mx\/index.php?rest_route=\/wp\/v2\/users\/1"}],"replies":[{"embeddable":true,"href":"https:\/\/www.radiointeractivo.com.mx\/index.php?rest_route=%2Fwp%2Fv2%2Fcomments&post=17511"}],"version-history":[{"count":1,"href":"https:\/\/www.radiointeractivo.com.mx\/index.php?rest_route=\/wp\/v2\/posts\/17511\/revisions"}],"predecessor-version":[{"id":17514,"href":"https:\/\/www.radiointeractivo.com.mx\/index.php?rest_route=\/wp\/v2\/posts\/17511\/revisions\/17514"}],"wp:featuredmedia":[{"embeddable":true,"href":"https:\/\/www.radiointeractivo.com.mx\/index.php?rest_route=\/wp\/v2\/media\/17513"}],"wp:attachment":[{"href":"https:\/\/www.radiointeractivo.com.mx\/index.php?rest_route=%2Fwp%2Fv2%2Fmedia&parent=17511"}],"wp:term":[{"taxonomy":"category","embeddable":true,"href":"https:\/\/www.radiointeractivo.com.mx\/index.php?rest_route=%2Fwp%2Fv2%2Fcategories&post=17511"},{"taxonomy":"post_tag","embeddable":true,"href":"https:\/\/www.radiointeractivo.com.mx\/index.php?rest_route=%2Fwp%2Fv2%2Ftags&post=17511"}],"curies":[{"name":"wp","href":"https:\/\/api.w.org\/{rel}","templated":true}]}}