{"id":17501,"date":"2025-07-31T13:57:37","date_gmt":"2025-07-31T18:57:37","guid":{"rendered":"https:\/\/www.radiointeractivo.com.mx\/?p=17501"},"modified":"2025-07-31T13:57:39","modified_gmt":"2025-07-31T18:57:39","slug":"refuerza-gobierno-municipal-atencion-psicologica-para-combatir-bullying-y-ciberacoso","status":"publish","type":"post","link":"https:\/\/www.radiointeractivo.com.mx\/?p=17501","title":{"rendered":"Refuerza Gobierno Municipal atenci\u00f3n psicol\u00f3gica para combatir bullying y ciberacoso"},"content":{"rendered":"\n<figure class=\"wp-block-image size-large\"><img loading=\"lazy\" decoding=\"async\" width=\"1024\" height=\"682\" src=\"https:\/\/www.radiointeractivo.com.mx\/wp-content\/uploads\/2025\/07\/WhatsApp-Image-2025-07-31-at-1.20.27-PM-1024x682.jpeg\" alt=\"\" class=\"wp-image-17502\" srcset=\"https:\/\/www.radiointeractivo.com.mx\/wp-content\/uploads\/2025\/07\/WhatsApp-Image-2025-07-31-at-1.20.27-PM-1024x682.jpeg 1024w, https:\/\/www.radiointeractivo.com.mx\/wp-content\/uploads\/2025\/07\/WhatsApp-Image-2025-07-31-at-1.20.27-PM-300x200.jpeg 300w, https:\/\/www.radiointeractivo.com.mx\/wp-content\/uploads\/2025\/07\/WhatsApp-Image-2025-07-31-at-1.20.27-PM-768x512.jpeg 768w, https:\/\/www.radiointeractivo.com.mx\/wp-content\/uploads\/2025\/07\/WhatsApp-Image-2025-07-31-at-1.20.27-PM-1536x1023.jpeg 1536w, https:\/\/www.radiointeractivo.com.mx\/wp-content\/uploads\/2025\/07\/WhatsApp-Image-2025-07-31-at-1.20.27-PM-310x205.jpeg 310w, https:\/\/www.radiointeractivo.com.mx\/wp-content\/uploads\/2025\/07\/WhatsApp-Image-2025-07-31-at-1.20.27-PM.jpeg 1600w\" sizes=\"auto, (max-width: 1024px) 100vw, 1024px\" \/><\/figure>\n\n\n\n<p>Por: Staff | #NuevoLaredo #Laredo #NLD #Tamaulipas<\/p>\n\n\n\n<p>Con el prop\u00f3sito de fortalecer la salud mental de la poblaci\u00f3n, particularmente de ni\u00f1as, ni\u00f1os y adolescentes, el Gobierno Municipal de Nuevo Laredo ha intensificado las acciones del Instituto para la Prevenci\u00f3n de Adicciones, Conductas y Tendencias Antisociales (IMPACTA), centrando esfuerzos en la atenci\u00f3n psicol\u00f3gica y la prevenci\u00f3n del bullying y el ciberacoso.<\/p>\n\n\n\n<p>Actualmente, IMPACTA atiende a 109 pacientes permanentes mediante sesiones individuales, de pareja, familiares y terapias grupales. Adem\u00e1s, como parte de su estrategia preventiva, ha implementado una campa\u00f1a en ocho escuelas de la ciudad, donde m\u00e1s de mil 600 estudiantes han participado en pl\u00e1ticas informativas y en la instalaci\u00f3n de buzones de denuncia.<\/p>\n\n\n\n<p>\u201cEsta din\u00e1mica permiti\u00f3 recibir 47 quejas, de las cuales varias derivaron en intervenciones dirigidas tanto a v\u00edctimas como a agresores, a quienes se les ofrece un programa de cinco sesiones obligatorias acompa\u00f1ado por sus padres, incluyendo tambi\u00e9n escuela para padres durante este periodo vacacional\u201d, inform\u00f3 Hugo Maga\u00f1a De La Rosa, director de IMPACTA.<\/p>\n\n\n\n<p>El funcionario subray\u00f3 que muchos j\u00f3venes no son conscientes del da\u00f1o que pueden causar sus acciones. \u201cLa mayor\u00eda de las veces, los j\u00f3venes no dimensionan el da\u00f1o que puede causar una agresi\u00f3n, ya sea f\u00edsica o digital. Acciones como subir im\u00e1genes, burlarse con stickers o publicaciones ofensivas en redes sociales pueden afectar gravemente la salud mental de otros adolescentes\u201d, explic\u00f3.<\/p>\n\n\n\n<p>Maga\u00f1a De La Rosa destac\u00f3 tambi\u00e9n que este programa responde a una instrucci\u00f3n directa de la presidenta municipal Carmen Lilia Canturosas. \u201cNuestra presidenta municipal est\u00e1 preocupada y ocupada por el tema del bullying y del ciberacoso y nos instruy\u00f3 desarrollar este programa para atender la problem\u00e1tica actual\u201d, a\u00f1adi\u00f3.<\/p>\n\n\n\n<p>Finalmente, record\u00f3 que en Tamaulipas el ciberacoso es considerado una falta grave y est\u00e1 penado con multas que van desde los 7 mil hasta los 85 mil pesos, adem\u00e1s de implicaciones legales para los tutores de los menores responsables.<\/p>\n","protected":false},"excerpt":{"rendered":"<p>Por: Staff | #NuevoLaredo #Laredo #NLD #Tamaulipas Con el prop\u00f3sito de fortalecer la salud mental de la poblaci\u00f3n, particularmente de ni\u00f1as, ni\u00f1os y adolescentes, el Gobierno Municipal de Nuevo Laredo ha intensificado las acciones del Instituto para la Prevenci\u00f3n de Adicciones, Conductas y Tendencias Antisociales (IMPACTA), centrando esfuerzos en la atenci\u00f3n psicol\u00f3gica y la prevenci\u00f3n &hellip;<\/p>\n","protected":false},"author":1,"featured_media":17502,"comment_status":"open","ping_status":"open","sticky":false,"template":"","format":"standard","meta":{"footnotes":""},"categories":[38],"tags":[],"class_list":["post-17501","post","type-post","status-publish","format-standard","has-post-thumbnail","","category-nuevo-laredo"],"_links":{"self":[{"href":"https:\/\/www.radiointeractivo.com.mx\/index.php?rest_route=\/wp\/v2\/posts\/17501","targetHints":{"allow":["GET"]}}],"collection":[{"href":"https:\/\/www.radiointeractivo.com.mx\/index.php?rest_route=\/wp\/v2\/posts"}],"about":[{"href":"https:\/\/www.radiointeractivo.com.mx\/index.php?rest_route=\/wp\/v2\/types\/post"}],"author":[{"embeddable":true,"href":"https:\/\/www.radiointeractivo.com.mx\/index.php?rest_route=\/wp\/v2\/users\/1"}],"replies":[{"embeddable":true,"href":"https:\/\/www.radiointeractivo.com.mx\/index.php?rest_route=%2Fwp%2Fv2%2Fcomments&post=17501"}],"version-history":[{"count":1,"href":"https:\/\/www.radiointeractivo.com.mx\/index.php?rest_route=\/wp\/v2\/posts\/17501\/revisions"}],"predecessor-version":[{"id":17503,"href":"https:\/\/www.radiointeractivo.com.mx\/index.php?rest_route=\/wp\/v2\/posts\/17501\/revisions\/17503"}],"wp:featuredmedia":[{"embeddable":true,"href":"https:\/\/www.radiointeractivo.com.mx\/index.php?rest_route=\/wp\/v2\/media\/17502"}],"wp:attachment":[{"href":"https:\/\/www.radiointeractivo.com.mx\/index.php?rest_route=%2Fwp%2Fv2%2Fmedia&parent=17501"}],"wp:term":[{"taxonomy":"category","embeddable":true,"href":"https:\/\/www.radiointeractivo.com.mx\/index.php?rest_route=%2Fwp%2Fv2%2Fcategories&post=17501"},{"taxonomy":"post_tag","embeddable":true,"href":"https:\/\/www.radiointeractivo.com.mx\/index.php?rest_route=%2Fwp%2Fv2%2Ftags&post=17501"}],"curies":[{"name":"wp","href":"https:\/\/api.w.org\/{rel}","templated":true}]}}