{"id":17492,"date":"2025-07-30T15:24:58","date_gmt":"2025-07-30T20:24:58","guid":{"rendered":"https:\/\/www.radiointeractivo.com.mx\/?p=17492"},"modified":"2025-07-30T15:25:00","modified_gmt":"2025-07-30T20:25:00","slug":"ofrecen-bibliotecas-de-nuevo-laredo-curso-mis-vacaciones-en-la-biblioteca-durante-periodo-vacacional","status":"publish","type":"post","link":"https:\/\/www.radiointeractivo.com.mx\/?p=17492","title":{"rendered":"OFRECEN BIBLIOTECAS DE NUEVO LAREDO CURSO \u201cMIS VACACIONES EN LA BIBLIOTECA\u201d DURANTE PERIODO VACACIONAL"},"content":{"rendered":"\n<figure class=\"wp-block-image size-large\"><img loading=\"lazy\" decoding=\"async\" width=\"1024\" height=\"768\" src=\"https:\/\/www.radiointeractivo.com.mx\/wp-content\/uploads\/2025\/07\/WhatsApp-Image-2025-07-30-at-11.15.14-AM-1-1024x768.jpeg\" alt=\"\" class=\"wp-image-17493\" srcset=\"https:\/\/www.radiointeractivo.com.mx\/wp-content\/uploads\/2025\/07\/WhatsApp-Image-2025-07-30-at-11.15.14-AM-1-1024x768.jpeg 1024w, https:\/\/www.radiointeractivo.com.mx\/wp-content\/uploads\/2025\/07\/WhatsApp-Image-2025-07-30-at-11.15.14-AM-1-300x225.jpeg 300w, https:\/\/www.radiointeractivo.com.mx\/wp-content\/uploads\/2025\/07\/WhatsApp-Image-2025-07-30-at-11.15.14-AM-1-768x576.jpeg 768w, https:\/\/www.radiointeractivo.com.mx\/wp-content\/uploads\/2025\/07\/WhatsApp-Image-2025-07-30-at-11.15.14-AM-1-1536x1152.jpeg 1536w, https:\/\/www.radiointeractivo.com.mx\/wp-content\/uploads\/2025\/07\/WhatsApp-Image-2025-07-30-at-11.15.14-AM-1.jpeg 1600w\" sizes=\"auto, (max-width: 1024px) 100vw, 1024px\" \/><\/figure>\n\n\n\n<p>Por: Staff | #NuevoLaredo #Laredo #NLD #Tamaulipas<\/p>\n\n\n\n<p>Con gran \u00e9xito inici\u00f3 el programa &#8220;Mis Vacaciones en la Biblioteca&#8221; en los siete espacios de consulta bibliogr\u00e1fica con los que cuenta Nuevo Laredo.<\/p>\n\n\n\n<p>El programa inici\u00f3 el 28 de julio y concluir\u00e1 el 8 de agosto y forma parte de la Red Nacional de Bibliotecas y tiene por objetivo brindar alternativas de recreaci\u00f3n y aprendizaje en ni\u00f1os, j\u00f3venes y adultos durante el per\u00edodo vacacional.<\/p>\n\n\n\n<p>&#8220;Las actividades promueven la integraci\u00f3n familiar, crean conciencia sobre el cuidado del medio ambiente, nuestra presidenta municipal Carmen Lilia Canturosas nos indic\u00f3 que debemos buscar el fortalecimiento de la identidad y ampliar el conocimiento sobre nuestra cultura tradicional&#8221;, dijo Marcos Rodr\u00edguez Leija, Coordinador de Bibliotecas del Gobierno Nuevo Laredo, Tamaulipas.<\/p>\n\n\n\n<p>&#8220;Acuerdos para la convivencia&#8221;, &#8220;Huateque de palabras&#8221;, &#8220;Piqu\u00edn de versos y sones&#8221;, &#8220;Factor sorpresa&#8221;, &#8220;Sue\u00f1os de tinta y papel&#8221; y &#8220;Retratos de familia&#8221; son los temas que ser\u00e1n abordados.<\/p>\n\n\n\n<p>Los horarios son, de lunes a viernes, en el turno matutino de 10:00 de la ma\u00f1ana a 12:00 del mediod\u00eda y en el turno vespertino de 4:00 a 6:00 de la tarde. Los s\u00e1bados, las actividades se llevar\u00e1n a cabo de 10:00 de la ma\u00f1ana a 12:00 del mediod\u00eda.<\/p>\n\n\n\n<p>Marcos Rodr\u00edguez Leija agreg\u00f3 que con este programa los ni\u00f1os aprender\u00e1n a escribir poemas, a conocer la m\u00fasica tradicional de la regi\u00f3n Huasteca y a improvisar versos a la usanza de las &#8220;bombas yucatecas&#8221;, las payas y el repentismo.<\/p>\n\n\n\n<p>Tambi\u00e9n ampliar\u00e1n su vocabulario al aprender palabras que ya son poco usuales en nuestra comunicaci\u00f3n cotidiana.<\/p>\n\n\n\n<p>Estas actividades se llevan a cabo en las bibliotecas &#8220;Emiliano Zapata&#8221; &#8220;Rub\u00e9n Miranda&#8221;, &#8220;Jos\u00e9 Vasconcelos&#8221;, &#8220;Fidel Cu\u00e9llar&#8221;, &#8220;Jos\u00e9 Mar\u00eda Mart\u00ednez&#8221;, &#8220;Octavio Paz&#8221; y en la Infoteca &#8220;Sor Juana In\u00e9s de la Cruz&#8221;.<\/p>\n\n\n\n<p>Los ni\u00f1os, ni\u00f1as y padres de familia interesados en participar pueden acudir a su biblioteca m\u00e1s cercana o llamar al (867) 101-7523 para recibir mayor informaci\u00f3n.<\/p>\n","protected":false},"excerpt":{"rendered":"<p>Por: Staff | #NuevoLaredo #Laredo #NLD #Tamaulipas Con gran \u00e9xito inici\u00f3 el programa &#8220;Mis Vacaciones en la Biblioteca&#8221; en los siete espacios de consulta bibliogr\u00e1fica con los que cuenta Nuevo Laredo. El programa inici\u00f3 el 28 de julio y concluir\u00e1 el 8 de agosto y forma parte de la Red Nacional de Bibliotecas y tiene &hellip;<\/p>\n","protected":false},"author":1,"featured_media":17493,"comment_status":"open","ping_status":"open","sticky":false,"template":"","format":"standard","meta":{"footnotes":""},"categories":[38],"tags":[],"class_list":["post-17492","post","type-post","status-publish","format-standard","has-post-thumbnail","","category-nuevo-laredo"],"_links":{"self":[{"href":"https:\/\/www.radiointeractivo.com.mx\/index.php?rest_route=\/wp\/v2\/posts\/17492","targetHints":{"allow":["GET"]}}],"collection":[{"href":"https:\/\/www.radiointeractivo.com.mx\/index.php?rest_route=\/wp\/v2\/posts"}],"about":[{"href":"https:\/\/www.radiointeractivo.com.mx\/index.php?rest_route=\/wp\/v2\/types\/post"}],"author":[{"embeddable":true,"href":"https:\/\/www.radiointeractivo.com.mx\/index.php?rest_route=\/wp\/v2\/users\/1"}],"replies":[{"embeddable":true,"href":"https:\/\/www.radiointeractivo.com.mx\/index.php?rest_route=%2Fwp%2Fv2%2Fcomments&post=17492"}],"version-history":[{"count":1,"href":"https:\/\/www.radiointeractivo.com.mx\/index.php?rest_route=\/wp\/v2\/posts\/17492\/revisions"}],"predecessor-version":[{"id":17494,"href":"https:\/\/www.radiointeractivo.com.mx\/index.php?rest_route=\/wp\/v2\/posts\/17492\/revisions\/17494"}],"wp:featuredmedia":[{"embeddable":true,"href":"https:\/\/www.radiointeractivo.com.mx\/index.php?rest_route=\/wp\/v2\/media\/17493"}],"wp:attachment":[{"href":"https:\/\/www.radiointeractivo.com.mx\/index.php?rest_route=%2Fwp%2Fv2%2Fmedia&parent=17492"}],"wp:term":[{"taxonomy":"category","embeddable":true,"href":"https:\/\/www.radiointeractivo.com.mx\/index.php?rest_route=%2Fwp%2Fv2%2Fcategories&post=17492"},{"taxonomy":"post_tag","embeddable":true,"href":"https:\/\/www.radiointeractivo.com.mx\/index.php?rest_route=%2Fwp%2Fv2%2Ftags&post=17492"}],"curies":[{"name":"wp","href":"https:\/\/api.w.org\/{rel}","templated":true}]}}