{"id":17484,"date":"2025-07-29T14:10:34","date_gmt":"2025-07-29T19:10:34","guid":{"rendered":"https:\/\/www.radiointeractivo.com.mx\/?p=17484"},"modified":"2025-07-29T14:10:36","modified_gmt":"2025-07-29T19:10:36","slug":"invita-gobierno-municipal-a-clases-gratuitas-de-judo-para-ninas-ninos-y-adolescentes-en-el-centro-de-bienestar-solidaridad","status":"publish","type":"post","link":"https:\/\/www.radiointeractivo.com.mx\/?p=17484","title":{"rendered":"Invita Gobierno Municipal a clases gratuitas de judo para ni\u00f1as, ni\u00f1os y adolescentes en el Centro de Bienestar Solidaridad"},"content":{"rendered":"\n<figure class=\"wp-block-image size-large\"><img loading=\"lazy\" decoding=\"async\" width=\"819\" height=\"1024\" src=\"https:\/\/www.radiointeractivo.com.mx\/wp-content\/uploads\/2025\/07\/WhatsApp-Image-2025-07-29-at-12.26.53-PM-819x1024.jpeg\" alt=\"\" class=\"wp-image-17485\" srcset=\"https:\/\/www.radiointeractivo.com.mx\/wp-content\/uploads\/2025\/07\/WhatsApp-Image-2025-07-29-at-12.26.53-PM-819x1024.jpeg 819w, https:\/\/www.radiointeractivo.com.mx\/wp-content\/uploads\/2025\/07\/WhatsApp-Image-2025-07-29-at-12.26.53-PM-240x300.jpeg 240w, https:\/\/www.radiointeractivo.com.mx\/wp-content\/uploads\/2025\/07\/WhatsApp-Image-2025-07-29-at-12.26.53-PM-768x960.jpeg 768w, https:\/\/www.radiointeractivo.com.mx\/wp-content\/uploads\/2025\/07\/WhatsApp-Image-2025-07-29-at-12.26.53-PM.jpeg 960w\" sizes=\"auto, (max-width: 819px) 100vw, 819px\" \/><\/figure>\n\n\n\n<p>Por: Staff | #NuevoLaredo #Laredo #NLD #Tamaulipas<\/p>\n\n\n\n<p>Nuevo Laredo, Tam.- Con el prop\u00f3sito de promover la disciplina, el respeto y la perseverancia entre la ni\u00f1ez y adolescencia, el Gobierno Municipal de Nuevo Laredo anunci\u00f3 el inicio de clases gratuitas de judo a partir del pr\u00f3ximo 1 de septiembre de 2025 en el Centro de Bienestar Solidaridad.<\/p>\n\n\n\n<p>Salom\u00f3n Valencia Hinojosa, director de Cultura F\u00edsica y Deporte, inform\u00f3 que el programa est\u00e1 dirigido a ni\u00f1as, ni\u00f1os y adolescentes de entre 5 y 17 a\u00f1os, con entrenamientos organizados por rangos de edad y enfocados en el desarrollo f\u00edsico, emocional y social.<\/p>\n\n\n\n<p>\u201cLa indicaci\u00f3n de nuestra presidenta municipal Carmen Lilia Canturosas es que formemos no solo atletas, que formemos campeones dentro y fuera del tatami. El judo ense\u00f1a car\u00e1cter, autocontrol y valores que acompa\u00f1ar\u00e1n a nuestros ni\u00f1os toda la vida\u201d, expres\u00f3 Valencia Hinojosa.<\/p>\n\n\n\n<p>Las clases se impartir\u00e1n en el Centro de Bienestar Solidaridad, ubicado en la calle Pacto Nacional, entre Guadalupe Victoria y Licenciados, con horarios diferenciados seg\u00fan la edad de los participantes:<\/p>\n\n\n\n<p>Lunes, mi\u00e9rcoles y viernes:<\/p>\n\n\n\n<p>4:00 a 5:20 p.m. \u2013 8 a 11 a\u00f1os<\/p>\n\n\n\n<p>5:30 a 6:50 p.m. \u2013 12 a 14 a\u00f1os<\/p>\n\n\n\n<p>7:00 a 8:00 p.m. \u2013 15 a 17 a\u00f1os<\/p>\n\n\n\n<p>Martes y jueves:<\/p>\n\n\n\n<p>4:00 a 5:20 p.m. \u2013 5 a 7 a\u00f1os<\/p>\n\n\n\n<p>5:30 a 6:50 p.m. \u2013 8 a 11 a\u00f1os<\/p>\n\n\n\n<p>7:00 a 8:00 p.m. \u2013 12 a 14 a\u00f1os<\/p>\n\n\n\n<p>S\u00e1bados:<\/p>\n\n\n\n<p>9:00 a 11:00 a.m. \u2013 Talentos infantiles<\/p>\n\n\n\n<p>11:00 a.m. a 1:00 p.m. \u2013 Talentos juveniles<\/p>\n\n\n\n<p>Las inscripciones ya est\u00e1n abiertas y el cupo es limitado, por lo que se invita a madres y padres de familia a registrar a sus hijas e hijos a la brevedad. Este programa, adem\u00e1s de fomentar la pr\u00e1ctica deportiva, busca contribuir a la formaci\u00f3n integral de la juventud de Nuevo Laredo.<\/p>\n","protected":false},"excerpt":{"rendered":"<p>Por: Staff | #NuevoLaredo #Laredo #NLD #Tamaulipas Nuevo Laredo, Tam.- Con el prop\u00f3sito de promover la disciplina, el respeto y la perseverancia entre la ni\u00f1ez y adolescencia, el Gobierno Municipal de Nuevo Laredo anunci\u00f3 el inicio de clases gratuitas de judo a partir del pr\u00f3ximo 1 de septiembre de 2025 en el Centro de Bienestar &hellip;<\/p>\n","protected":false},"author":1,"featured_media":17485,"comment_status":"open","ping_status":"open","sticky":false,"template":"","format":"standard","meta":{"footnotes":""},"categories":[38],"tags":[],"class_list":["post-17484","post","type-post","status-publish","format-standard","has-post-thumbnail","","category-nuevo-laredo"],"_links":{"self":[{"href":"https:\/\/www.radiointeractivo.com.mx\/index.php?rest_route=\/wp\/v2\/posts\/17484","targetHints":{"allow":["GET"]}}],"collection":[{"href":"https:\/\/www.radiointeractivo.com.mx\/index.php?rest_route=\/wp\/v2\/posts"}],"about":[{"href":"https:\/\/www.radiointeractivo.com.mx\/index.php?rest_route=\/wp\/v2\/types\/post"}],"author":[{"embeddable":true,"href":"https:\/\/www.radiointeractivo.com.mx\/index.php?rest_route=\/wp\/v2\/users\/1"}],"replies":[{"embeddable":true,"href":"https:\/\/www.radiointeractivo.com.mx\/index.php?rest_route=%2Fwp%2Fv2%2Fcomments&post=17484"}],"version-history":[{"count":1,"href":"https:\/\/www.radiointeractivo.com.mx\/index.php?rest_route=\/wp\/v2\/posts\/17484\/revisions"}],"predecessor-version":[{"id":17486,"href":"https:\/\/www.radiointeractivo.com.mx\/index.php?rest_route=\/wp\/v2\/posts\/17484\/revisions\/17486"}],"wp:featuredmedia":[{"embeddable":true,"href":"https:\/\/www.radiointeractivo.com.mx\/index.php?rest_route=\/wp\/v2\/media\/17485"}],"wp:attachment":[{"href":"https:\/\/www.radiointeractivo.com.mx\/index.php?rest_route=%2Fwp%2Fv2%2Fmedia&parent=17484"}],"wp:term":[{"taxonomy":"category","embeddable":true,"href":"https:\/\/www.radiointeractivo.com.mx\/index.php?rest_route=%2Fwp%2Fv2%2Fcategories&post=17484"},{"taxonomy":"post_tag","embeddable":true,"href":"https:\/\/www.radiointeractivo.com.mx\/index.php?rest_route=%2Fwp%2Fv2%2Ftags&post=17484"}],"curies":[{"name":"wp","href":"https:\/\/api.w.org\/{rel}","templated":true}]}}