{"id":1748,"date":"2023-09-17T18:39:06","date_gmt":"2023-09-17T23:39:06","guid":{"rendered":"https:\/\/www.radiointeractivo.com.mx\/?p=1748"},"modified":"2023-09-17T18:39:07","modified_gmt":"2023-09-17T23:39:07","slug":"celebran-laredos-dia-de-la-independencia-con-carrera-binacional","status":"publish","type":"post","link":"https:\/\/www.radiointeractivo.com.mx\/?p=1748","title":{"rendered":"CELEBRAN LAREDOS D\u00cdA DE LA INDEPENDENCIA CON CARRERA BINACIONAL"},"content":{"rendered":"\n<p>Por: Staff | #NuevoLaredo #Tamaulipas<\/p>\n\n\n\n<p>Por segundo a\u00f1o consecutivo se realiz\u00f3 la Carrera 21K Binacional Dos Laredos \u201cLa Gran Carrera de las Fronteras\u201d, la cual recorri\u00f3 parte del centro de Laredo, Texas y Nuevo Laredo cruzando por el Puente Internacional \u201cPuerta de las Am\u00e9ricas&#8221;, esto como parte de las festividades por el D\u00eda de la Independencia de M\u00e9xico.<\/p>\n\n\n\n<p>La competencia cont\u00f3 con la participaci\u00f3n de m\u00e1s de 900 corredores individuales y clubes de Laredo, Texas y Nuevo Laredo, quienes entusiasmados se dieron cita en la salida ubicada en el Parque Tres Laredos en la ribera del Bravo del lado norte del r\u00edo.<\/p>\n\n\n\n<p>Carmen Lilia Canturosas Villarreal, alcaldesa de la ciudad, resalt\u00f3 la importancia de esta competencia con la que adem\u00e1s de promover el deporte, se fortalecen los lazos de hermandad entre los Dos Laredos.<\/p>\n\n\n\n<p>\u201cSiempre lo hemos dicho, nuestra hermandad como ciudades va m\u00e1s all\u00e1 de compartir frontera, y esta carrera es una muestra de lo que juntos podemos impulsar para hacer de la nuestra, una regi\u00f3n fuerte, unida en un mismo fin, el desarrollo y bienestar de nuestra comunidad\u201d, se\u00f1al\u00f3 la presidenta municipal.<\/p>\n\n\n\n<p>La salida fue dada en punto de las 6:00 de la tarde por las autoridades encabezadas por el alcalde de Laredo, Texas V\u00edctor Trevi\u00f1o y Rolando Mart\u00edn Guevara, Secretario de Desarrollo Econ\u00f3mico, adem\u00e1s del Director de Turismo, Felipe Flores Montemayor, la Secretaria de Bienestar Social, Liliana Arjona y el Presidente de Canaco Eliud Ci\u00e9nega Jurado.<\/p>\n\n\n\n<p>En el recorrido por Laredo, Texas los corredores en las modalidades de 21K(medio marat\u00f3n), 10K, 5K y Caminata, pasaron por algunas vialidades como Santa Mar\u00eda, Lafayette, Washington, Salinas y el Colegio de Laredo (Laredo College) donde se encuentra Fort McIntosh, que es parte importante del Distrito Hist\u00f3rico de la ciudad.<\/p>\n\n\n\n<p>Uno de los momentos m\u00e1s ic\u00f3nicos de la competici\u00f3n fue el cruce de Laredo, Texas a Nuevo Laredo por el Puente de las Am\u00e9ricas, ya que del lado mexicano el p\u00fablico ya les esperaba entre v\u00edtores y palabras de aliento a los corredores para continuar en el duro camino de Bravo al Bulevar Colosio.<\/p>\n\n\n\n<p>La meta se instal\u00f3 por Guerrero y Victoria frente a la Plaza Ju\u00e1rez, donde a los ganadores les esperaba una verbena popular y un caluroso recibimiento de amigos, familiares y compa\u00f1eros, que les reconocieron el gran esfuerzo dado a lo largo del circuito binacional.<\/p>\n\n\n\n<p>\u201cQueremos agradecer a la Direcci\u00f3n de Turismo por promover el deporte en la comunidad; hoy se sinti\u00f3 algo pesada porque los corredores no estamos acostumbrados a correr en la tarde por el calor, esta fue una carrera diferente, pero todo bien, la organizaci\u00f3n bien, todo excelente\u201d, dijo Luis Posadas, ganador absoluto de 21K.<\/p>\n\n\n\n<p>Los atletas reconocieron la organizaci\u00f3n del evento adem\u00e1s de lo retador que fue el recorrido en un horario poco convencional para este tipo de carreras.<\/p>\n\n\n\n<p>Por su parte, el secretario de Desarrollo Econ\u00f3mico reiter\u00f3 la importancia de llevar a cabo estas actividades con las que se fortalecen los lazos de amistad entre ambos Laredos.<\/p>\n\n\n\n<p>\u201cEstamos muy contentos con los resultados, nuestra alcaldesa Carmen Lilia Canturosas Villarreal, nos ha dado la instrucci\u00f3n de realizar acciones que ayuden a promover el bienestar de las familias, la sana convivencia, el promover el deporte, pero adem\u00e1s el promover a Nuevo Laredo como un destino de turismo deportivo a trav\u00e9s de este tipo de eventos\u201d,<\/p>\n\n\n\n<p>RESULTADOS<\/p>\n\n\n\n<p>21K Absoluto (Varonil)<\/p>\n\n\n\n<p>Luis Posada<\/p>\n\n\n\n<p>21K Absoluto (Femenil)<\/p>\n\n\n\n<p>Alexandra Rodr\u00edguez<\/p>\n\n\n\n<p>21K 18-39 a\u00f1os<\/p>\n\n\n\n<p>Jes\u00fas Chaires<\/p>\n\n\n\n<p>21K 40-49 a\u00f1os<\/p>\n\n\n\n<p>Pedro Morales<\/p>\n\n\n\n<p>21K 50-59 a\u00f1os<\/p>\n\n\n\n<p>Rigoberto Garc\u00eda<\/p>\n\n\n\n<p>21 K 60 y M\u00e1s<\/p>\n\n\n\n<p>Lucio S\u00e1nchez<\/p>\n\n\n\n<p>21K Relevos<\/p>\n\n\n\n<p>Mar\u00eda Rodr\u00edguez<\/p>\n\n\n\n<p>10K 16-35 a\u00f1os V<\/p>\n\n\n\n<p>Misael Puente<\/p>\n\n\n\n<p>10K 16-35 a\u00f1os F<\/p>\n\n\n\n<p>Gabriela Villareal<\/p>\n\n\n\n<p>10K 36-45 a\u00f1os V<\/p>\n\n\n\n<p>Mario Cedillo<\/p>\n\n\n\n<p>10K 36-45 a\u00f1os F<\/p>\n\n\n\n<p>Daysi Sarabia<\/p>\n\n\n\n<p>10 K 56 y M\u00e1s V<\/p>\n\n\n\n<p>Arturo Salas<\/p>\n\n\n\n<p>10 K 45-56 a\u00f1os V<\/p>\n\n\n\n<p>Carlos Tejeiro<\/p>\n\n\n\n<p>10 K 45-56 a\u00f1os<\/p>\n\n\n\n<p>Norma Vela<\/p>\n\n\n\n<p>10 K 56 y M\u00e1s F<\/p>\n\n\n\n<p>Mar\u00eda Rosales<\/p>\n\n\n\n<p>5K Hasta 15 a\u00f1os V<\/p>\n\n\n\n<p>\u00d3scar Gael<\/p>\n\n\n\n<p>5K Hasta 15 a\u00f1os F<\/p>\n\n\n\n<p>Leticia Torres<\/p>\n\n\n\n<p>5K 16-35 a\u00f1os V<\/p>\n\n\n\n<p>\u00d3scar Almaguer<\/p>\n\n\n\n<p>5K 16-35 a\u00f1os F<\/p>\n\n\n\n<p>M\u00f3nica Gonz\u00e1lez<\/p>\n\n\n\n<p>5K 36-45 a\u00f1os V<\/p>\n\n\n\n<p>Roberto Carlos Villa<\/p>\n\n\n\n<p>5K 36-45 a\u00f1os F<\/p>\n\n\n\n<p>Mar\u00eda Elena Don Juan<\/p>\n\n\n\n<p>5k 46 y M\u00e1s V<\/p>\n\n\n\n<p>Dionisio Garc\u00eda<\/p>\n\n\n\n<p>5k 46 y M\u00e1s F<\/p>\n\n\n\n<p>Ana Laura Rodr\u00edguez<\/p>\n","protected":false},"excerpt":{"rendered":"<p>Por: Staff | #NuevoLaredo #Tamaulipas Por segundo a\u00f1o consecutivo se realiz\u00f3 la Carrera 21K Binacional Dos Laredos \u201cLa Gran Carrera de las Fronteras\u201d, la cual recorri\u00f3 parte del centro de Laredo, Texas y Nuevo Laredo cruzando por el Puente Internacional \u201cPuerta de las Am\u00e9ricas&#8221;, esto como parte de las festividades por el D\u00eda de la &hellip;<\/p>\n","protected":false},"author":1,"featured_media":1749,"comment_status":"open","ping_status":"open","sticky":false,"template":"","format":"standard","meta":{"footnotes":""},"categories":[38],"tags":[],"class_list":["post-1748","post","type-post","status-publish","format-standard","has-post-thumbnail","","category-nuevo-laredo"],"_links":{"self":[{"href":"https:\/\/www.radiointeractivo.com.mx\/index.php?rest_route=\/wp\/v2\/posts\/1748","targetHints":{"allow":["GET"]}}],"collection":[{"href":"https:\/\/www.radiointeractivo.com.mx\/index.php?rest_route=\/wp\/v2\/posts"}],"about":[{"href":"https:\/\/www.radiointeractivo.com.mx\/index.php?rest_route=\/wp\/v2\/types\/post"}],"author":[{"embeddable":true,"href":"https:\/\/www.radiointeractivo.com.mx\/index.php?rest_route=\/wp\/v2\/users\/1"}],"replies":[{"embeddable":true,"href":"https:\/\/www.radiointeractivo.com.mx\/index.php?rest_route=%2Fwp%2Fv2%2Fcomments&post=1748"}],"version-history":[{"count":1,"href":"https:\/\/www.radiointeractivo.com.mx\/index.php?rest_route=\/wp\/v2\/posts\/1748\/revisions"}],"predecessor-version":[{"id":1750,"href":"https:\/\/www.radiointeractivo.com.mx\/index.php?rest_route=\/wp\/v2\/posts\/1748\/revisions\/1750"}],"wp:featuredmedia":[{"embeddable":true,"href":"https:\/\/www.radiointeractivo.com.mx\/index.php?rest_route=\/wp\/v2\/media\/1749"}],"wp:attachment":[{"href":"https:\/\/www.radiointeractivo.com.mx\/index.php?rest_route=%2Fwp%2Fv2%2Fmedia&parent=1748"}],"wp:term":[{"taxonomy":"category","embeddable":true,"href":"https:\/\/www.radiointeractivo.com.mx\/index.php?rest_route=%2Fwp%2Fv2%2Fcategories&post=1748"},{"taxonomy":"post_tag","embeddable":true,"href":"https:\/\/www.radiointeractivo.com.mx\/index.php?rest_route=%2Fwp%2Fv2%2Ftags&post=1748"}],"curies":[{"name":"wp","href":"https:\/\/api.w.org\/{rel}","templated":true}]}}