{"id":17456,"date":"2025-07-27T16:34:48","date_gmt":"2025-07-27T21:34:48","guid":{"rendered":"https:\/\/www.radiointeractivo.com.mx\/?p=17456"},"modified":"2025-07-27T16:34:49","modified_gmt":"2025-07-27T21:34:49","slug":"ninas-y-ninos-de-nuevo-laredo-se-preparan-para-ser-guardianes-del-planeta","status":"publish","type":"post","link":"https:\/\/www.radiointeractivo.com.mx\/?p=17456","title":{"rendered":"Ni\u00f1as y ni\u00f1os de Nuevo Laredo se preparan para ser \u201cGuardianes del Planeta\u201d"},"content":{"rendered":"\n<figure class=\"wp-block-image size-large\"><img loading=\"lazy\" decoding=\"async\" width=\"1024\" height=\"682\" src=\"https:\/\/www.radiointeractivo.com.mx\/wp-content\/uploads\/2025\/07\/WhatsApp-Image-2025-07-27-at-9.58.51-AM-1024x682.jpeg\" alt=\"\" class=\"wp-image-17457\" srcset=\"https:\/\/www.radiointeractivo.com.mx\/wp-content\/uploads\/2025\/07\/WhatsApp-Image-2025-07-27-at-9.58.51-AM-1024x682.jpeg 1024w, https:\/\/www.radiointeractivo.com.mx\/wp-content\/uploads\/2025\/07\/WhatsApp-Image-2025-07-27-at-9.58.51-AM-300x200.jpeg 300w, https:\/\/www.radiointeractivo.com.mx\/wp-content\/uploads\/2025\/07\/WhatsApp-Image-2025-07-27-at-9.58.51-AM-768x512.jpeg 768w, https:\/\/www.radiointeractivo.com.mx\/wp-content\/uploads\/2025\/07\/WhatsApp-Image-2025-07-27-at-9.58.51-AM-1536x1023.jpeg 1536w, https:\/\/www.radiointeractivo.com.mx\/wp-content\/uploads\/2025\/07\/WhatsApp-Image-2025-07-27-at-9.58.51-AM-310x205.jpeg 310w, https:\/\/www.radiointeractivo.com.mx\/wp-content\/uploads\/2025\/07\/WhatsApp-Image-2025-07-27-at-9.58.51-AM.jpeg 1600w\" sizes=\"auto, (max-width: 1024px) 100vw, 1024px\" \/><\/figure>\n\n\n\n<p><a><\/a>Por: Staff | <a href=\"https:\/\/www.facebook.com\/hashtag\/nuevolaredo?__eep__=6&amp;__cft__[0]=AZXtFsmYPzhzkwowT0ttezhZoQ8idZijwif6AUpnsZa2vv6wpAWT3egWLZjcgFyl5E2_qRUzNLpatEc2DTNatRdSzq6rLtzeRtoha11WSEee188skMkaU77UlDuQKRFTp3-9evdz8nOihTim90rRLgR6&amp;__tn__=*NK-R\">#NuevoLaredo<\/a><a href=\"https:\/\/www.facebook.com\/hashtag\/laredo?__eep__=6&amp;__cft__[0]=AZXtFsmYPzhzkwowT0ttezhZoQ8idZijwif6AUpnsZa2vv6wpAWT3egWLZjcgFyl5E2_qRUzNLpatEc2DTNatRdSzq6rLtzeRtoha11WSEee188skMkaU77UlDuQKRFTp3-9evdz8nOihTim90rRLgR6&amp;__tn__=*NK-R\">#Laredo<\/a><a href=\"https:\/\/www.facebook.com\/hashtag\/nld?__eep__=6&amp;__cft__[0]=AZXtFsmYPzhzkwowT0ttezhZoQ8idZijwif6AUpnsZa2vv6wpAWT3egWLZjcgFyl5E2_qRUzNLpatEc2DTNatRdSzq6rLtzeRtoha11WSEee188skMkaU77UlDuQKRFTp3-9evdz8nOihTim90rRLgR6&amp;__tn__=*NK-R\">#NLD<\/a><a href=\"https:\/\/www.facebook.com\/hashtag\/tamaulipas?__eep__=6&amp;__cft__[0]=AZXtFsmYPzhzkwowT0ttezhZoQ8idZijwif6AUpnsZa2vv6wpAWT3egWLZjcgFyl5E2_qRUzNLpatEc2DTNatRdSzq6rLtzeRtoha11WSEee188skMkaU77UlDuQKRFTp3-9evdz8nOihTim90rRLgR6&amp;__tn__=*NK-R\">#Tamaulipas<\/a><\/p>\n\n\n\n<p>Con el objetivo de fomentar el respeto y cuidado por el medio ambiente desde temprana edad, el Gobierno Municipal de Nuevo Laredo lanz\u00f3 el Taller de Verano 2025 \u201cGuardianes del Planeta\u201d, una iniciativa gratuita dirigida a ni\u00f1as y ni\u00f1os de entre 6 y 14 a\u00f1os.<\/p>\n\n\n\n<p>Organizado por la Coordinaci\u00f3n General de Gesti\u00f3n Ambiental, el taller ofrecer\u00e1 una experiencia educativa y recreativa durante las vacaciones, mediante din\u00e1micas interactivas, juegos y actividades al aire libre, que permitir\u00e1n a las y los participantes adquirir conocimientos sobre la importancia de la conservaci\u00f3n ambiental y convertirse en promotores del cambio dentro de su comunidad.<\/p>\n\n\n\n<p>La presidenta municipal, Carmen Lilia Canturosas Villarreal, destac\u00f3 que este tipo de programas buscan formar ciudadanos responsables y comprometidos con su entorno natural.<\/p>\n\n\n\n<p>\u201cQueremos que nuestras ni\u00f1as y ni\u00f1os crezcan amando y cuidando el planeta; con estos talleres no solo aprenden, sino que tambi\u00e9n se convierten en l\u00edderes ambientales que transformar\u00e1n el futuro de nuestra ciudad\u201d, expres\u00f3 la alcaldesa.<\/p>\n\n\n\n<p>El taller se llevar\u00e1 a cabo del 1 al 14 de agosto, de lunes a viernes, en un horario de 9:00 a 11:00 de la ma\u00f1ana, teniendo como sedes el Parque Viveros y el Vivero Municipal.<\/p>\n\n\n\n<p>Las inscripciones estar\u00e1n abiertas hasta el 31 de julio y pueden realizarse en l\u00ednea a trav\u00e9s del siguiente enlace: <a href=\"https:\/\/l.facebook.com\/l.php?u=https%3A%2F%2Fforms.gle%2FKxygKaDdW5VZkw8n9%3Ffbclid%3DIwZXh0bgNhZW0CMTAAYnJpZBExQ3dwZHZDV1YxMVFqUXV1UwEeltwsIp6u266xLutDegxJC3an3Y2jLYpg1xmc55NeCuyTUKTR35wGy2XgQF8_aem_Nifj9YUYcp8aMd5hO_yMIQ&amp;h=AT1SGJ_cZ_OZWHyKbnGJGMh_ZSNoRB-hP5urU_V-DdZJGYmL3l0KreR_m--QN-dvxOHp7ItsPDPiiLmiajTUcWizGA6Hbdj4xjTRCKk6A5Cq4mKIWcN_1by4STg7zI5CQOnaz36j1A1NCPNO&amp;__tn__=-UK-R&amp;c[0]=AT0ZNrj80e6ZsI5Qq_BnUCqqH4lNrvAmwk_XXmE8oJtIureg_B4go46mMytH9LbrR3-PxEzo0Jw8q4YrKdbaQJWBQpE3B-5se1mfK8xObiQ9IWCoDQ7NhZ60rDHzef5QmyQyekk9dLZZ8EpKq-VQAdc37JFbbAJFV9omRSLZrQ\" rel=\"noreferrer noopener\" target=\"_blank\">https:\/\/forms.gle\/KxygKaDdW5VZkw8n9<\/a>.<\/p>\n\n\n\n<p>\u201cGuardianes del Planeta\u201d forma parte de las acciones que impulsa el gobierno municipal para fortalecer la educaci\u00f3n ambiental y consolidar una cultura de sustentabilidad entre la ni\u00f1ez neolaredense.<\/p>\n","protected":false},"excerpt":{"rendered":"<p>Por: Staff | #NuevoLaredo#Laredo#NLD#Tamaulipas Con el objetivo de fomentar el respeto y cuidado por el medio ambiente desde temprana edad, el Gobierno Municipal de Nuevo Laredo lanz\u00f3 el Taller de Verano 2025 \u201cGuardianes del Planeta\u201d, una iniciativa gratuita dirigida a ni\u00f1as y ni\u00f1os de entre 6 y 14 a\u00f1os. Organizado por la Coordinaci\u00f3n General de &hellip;<\/p>\n","protected":false},"author":1,"featured_media":17457,"comment_status":"open","ping_status":"open","sticky":false,"template":"","format":"standard","meta":{"footnotes":""},"categories":[38],"tags":[],"class_list":["post-17456","post","type-post","status-publish","format-standard","has-post-thumbnail","","category-nuevo-laredo"],"_links":{"self":[{"href":"https:\/\/www.radiointeractivo.com.mx\/index.php?rest_route=\/wp\/v2\/posts\/17456","targetHints":{"allow":["GET"]}}],"collection":[{"href":"https:\/\/www.radiointeractivo.com.mx\/index.php?rest_route=\/wp\/v2\/posts"}],"about":[{"href":"https:\/\/www.radiointeractivo.com.mx\/index.php?rest_route=\/wp\/v2\/types\/post"}],"author":[{"embeddable":true,"href":"https:\/\/www.radiointeractivo.com.mx\/index.php?rest_route=\/wp\/v2\/users\/1"}],"replies":[{"embeddable":true,"href":"https:\/\/www.radiointeractivo.com.mx\/index.php?rest_route=%2Fwp%2Fv2%2Fcomments&post=17456"}],"version-history":[{"count":1,"href":"https:\/\/www.radiointeractivo.com.mx\/index.php?rest_route=\/wp\/v2\/posts\/17456\/revisions"}],"predecessor-version":[{"id":17458,"href":"https:\/\/www.radiointeractivo.com.mx\/index.php?rest_route=\/wp\/v2\/posts\/17456\/revisions\/17458"}],"wp:featuredmedia":[{"embeddable":true,"href":"https:\/\/www.radiointeractivo.com.mx\/index.php?rest_route=\/wp\/v2\/media\/17457"}],"wp:attachment":[{"href":"https:\/\/www.radiointeractivo.com.mx\/index.php?rest_route=%2Fwp%2Fv2%2Fmedia&parent=17456"}],"wp:term":[{"taxonomy":"category","embeddable":true,"href":"https:\/\/www.radiointeractivo.com.mx\/index.php?rest_route=%2Fwp%2Fv2%2Fcategories&post=17456"},{"taxonomy":"post_tag","embeddable":true,"href":"https:\/\/www.radiointeractivo.com.mx\/index.php?rest_route=%2Fwp%2Fv2%2Ftags&post=17456"}],"curies":[{"name":"wp","href":"https:\/\/api.w.org\/{rel}","templated":true}]}}