{"id":17449,"date":"2025-07-26T14:30:17","date_gmt":"2025-07-26T19:30:17","guid":{"rendered":"https:\/\/www.radiointeractivo.com.mx\/?p=17449"},"modified":"2025-07-26T14:30:18","modified_gmt":"2025-07-26T19:30:18","slug":"convocan-a-curso-de-induccion-para-integrarse-al-cuerpo-de-bomberos-de-nuevo-laredo","status":"publish","type":"post","link":"https:\/\/www.radiointeractivo.com.mx\/?p=17449","title":{"rendered":"Convocan a Curso de Inducci\u00f3n para Integrarse al Cuerpo de Bomberos de Nuevo Laredo"},"content":{"rendered":"\n<figure class=\"wp-block-image size-large\"><img loading=\"lazy\" decoding=\"async\" width=\"1024\" height=\"682\" src=\"https:\/\/www.radiointeractivo.com.mx\/wp-content\/uploads\/2025\/07\/WhatsApp-Image-2025-07-26-at-1.45.56-PM-1024x682.jpeg\" alt=\"\" class=\"wp-image-17450\" srcset=\"https:\/\/www.radiointeractivo.com.mx\/wp-content\/uploads\/2025\/07\/WhatsApp-Image-2025-07-26-at-1.45.56-PM-1024x682.jpeg 1024w, https:\/\/www.radiointeractivo.com.mx\/wp-content\/uploads\/2025\/07\/WhatsApp-Image-2025-07-26-at-1.45.56-PM-300x200.jpeg 300w, https:\/\/www.radiointeractivo.com.mx\/wp-content\/uploads\/2025\/07\/WhatsApp-Image-2025-07-26-at-1.45.56-PM-768x512.jpeg 768w, https:\/\/www.radiointeractivo.com.mx\/wp-content\/uploads\/2025\/07\/WhatsApp-Image-2025-07-26-at-1.45.56-PM-1536x1023.jpeg 1536w, https:\/\/www.radiointeractivo.com.mx\/wp-content\/uploads\/2025\/07\/WhatsApp-Image-2025-07-26-at-1.45.56-PM-310x205.jpeg 310w, https:\/\/www.radiointeractivo.com.mx\/wp-content\/uploads\/2025\/07\/WhatsApp-Image-2025-07-26-at-1.45.56-PM.jpeg 1600w\" sizes=\"auto, (max-width: 1024px) 100vw, 1024px\" \/><\/figure>\n\n\n\n<p>Por: Staff | #NuevoLaredo #Laredo #NLD #Tamaulipas<\/p>\n\n\n\n<p>El Gobierno Municipal de Nuevo Laredo mantiene abierta la convocatoria para el Curso de Inducci\u00f3n a la Academia de Bomberos, dirigido a hombres y mujeres mayores de 18 a\u00f1os con vocaci\u00f3n de servicio que deseen formar parte de esta corporaci\u00f3n dedicada a la atenci\u00f3n de emergencias.<\/p>\n\n\n\n<p>La capacitaci\u00f3n tiene como objetivo fortalecer al Cuerpo de Bomberos ante el crecimiento urbano de la ciudad y mejorar la capacidad de respuesta ante situaciones de riesgo.<\/p>\n\n\n\n<p>El proceso de selecci\u00f3n comenzar\u00e1 el 9 de agosto e incluir\u00e1 la aplicaci\u00f3n de un examen de admisi\u00f3n, evaluaci\u00f3n psicom\u00e9trica, entrevista personal y una prueba f\u00edsica. Los resultados ser\u00e1n publicados el 13 de agosto y el curso arrancar\u00e1 el d\u00eda 16 del mismo mes.<\/p>\n\n\n\n<p>El programa de formaci\u00f3n se desarrollar\u00e1 durante tres meses, con sesiones sabatinas de 1:00 de la tarde a 8:00 de la noche, bajo la instrucci\u00f3n de personal especializado de la Direcci\u00f3n de Protecci\u00f3n Civil y Bomberos. La capacitaci\u00f3n ser\u00e1 te\u00f3rico-pr\u00e1ctica y abarcar\u00e1 temas como combate de incendios, rescate, primeros auxilios y atenci\u00f3n a emergencias.<\/p>\n\n\n\n<p>Entre los requisitos para inscribirse se encuentran: identificaci\u00f3n oficial (INE o pasaporte), acta de nacimiento, certificado m\u00e9dico reciente, comprobante de domicilio (con antig\u00fcedad no mayor a tres meses), certificado de preparatoria concluida, carta de exposici\u00f3n de motivos y dos cartas de recomendaci\u00f3n de car\u00e1cter profesional o acad\u00e9mico.<\/p>\n\n\n\n<p>Las inscripciones se realizan de manera presencial en las oficinas de la Direcci\u00f3n de Protecci\u00f3n Civil y Bomberos. Para m\u00e1s informaci\u00f3n, los interesados pueden comunicarse al tel\u00e9fono (867) 712-46-35, donde personal capacitado atender\u00e1 dudas y proporcionar\u00e1 orientaci\u00f3n sobre el proceso.<\/p>\n","protected":false},"excerpt":{"rendered":"<p>Por: Staff | #NuevoLaredo #Laredo #NLD #Tamaulipas El Gobierno Municipal de Nuevo Laredo mantiene abierta la convocatoria para el Curso de Inducci\u00f3n a la Academia de Bomberos, dirigido a hombres y mujeres mayores de 18 a\u00f1os con vocaci\u00f3n de servicio que deseen formar parte de esta corporaci\u00f3n dedicada a la atenci\u00f3n de emergencias. La capacitaci\u00f3n &hellip;<\/p>\n","protected":false},"author":1,"featured_media":17450,"comment_status":"open","ping_status":"open","sticky":false,"template":"","format":"standard","meta":{"footnotes":""},"categories":[38],"tags":[],"class_list":["post-17449","post","type-post","status-publish","format-standard","has-post-thumbnail","","category-nuevo-laredo"],"_links":{"self":[{"href":"https:\/\/www.radiointeractivo.com.mx\/index.php?rest_route=\/wp\/v2\/posts\/17449","targetHints":{"allow":["GET"]}}],"collection":[{"href":"https:\/\/www.radiointeractivo.com.mx\/index.php?rest_route=\/wp\/v2\/posts"}],"about":[{"href":"https:\/\/www.radiointeractivo.com.mx\/index.php?rest_route=\/wp\/v2\/types\/post"}],"author":[{"embeddable":true,"href":"https:\/\/www.radiointeractivo.com.mx\/index.php?rest_route=\/wp\/v2\/users\/1"}],"replies":[{"embeddable":true,"href":"https:\/\/www.radiointeractivo.com.mx\/index.php?rest_route=%2Fwp%2Fv2%2Fcomments&post=17449"}],"version-history":[{"count":1,"href":"https:\/\/www.radiointeractivo.com.mx\/index.php?rest_route=\/wp\/v2\/posts\/17449\/revisions"}],"predecessor-version":[{"id":17451,"href":"https:\/\/www.radiointeractivo.com.mx\/index.php?rest_route=\/wp\/v2\/posts\/17449\/revisions\/17451"}],"wp:featuredmedia":[{"embeddable":true,"href":"https:\/\/www.radiointeractivo.com.mx\/index.php?rest_route=\/wp\/v2\/media\/17450"}],"wp:attachment":[{"href":"https:\/\/www.radiointeractivo.com.mx\/index.php?rest_route=%2Fwp%2Fv2%2Fmedia&parent=17449"}],"wp:term":[{"taxonomy":"category","embeddable":true,"href":"https:\/\/www.radiointeractivo.com.mx\/index.php?rest_route=%2Fwp%2Fv2%2Fcategories&post=17449"},{"taxonomy":"post_tag","embeddable":true,"href":"https:\/\/www.radiointeractivo.com.mx\/index.php?rest_route=%2Fwp%2Fv2%2Ftags&post=17449"}],"curies":[{"name":"wp","href":"https:\/\/api.w.org\/{rel}","templated":true}]}}