{"id":17435,"date":"2025-07-25T15:48:17","date_gmt":"2025-07-25T20:48:17","guid":{"rendered":"https:\/\/www.radiointeractivo.com.mx\/?p=17435"},"modified":"2025-07-25T15:48:22","modified_gmt":"2025-07-25T20:48:22","slug":"refuerzan-seguridad-y-atencion-a-emergencias-en-nuevo-laredo-con-entrega-de-unidades-operativas-del-gobierno-del-estado","status":"publish","type":"post","link":"https:\/\/www.radiointeractivo.com.mx\/?p=17435","title":{"rendered":"Refuerzan seguridad y atenci\u00f3n a emergencias en Nuevo Laredo con entrega de unidades operativas del Gobierno del Estado"},"content":{"rendered":"\n<figure class=\"wp-block-image size-large\"><img loading=\"lazy\" decoding=\"async\" width=\"1024\" height=\"683\" src=\"https:\/\/www.radiointeractivo.com.mx\/wp-content\/uploads\/2025\/07\/WhatsApp-Image-2025-07-25-at-1.23.43-PM-1024x683.jpeg\" alt=\"\" class=\"wp-image-17443\" srcset=\"https:\/\/www.radiointeractivo.com.mx\/wp-content\/uploads\/2025\/07\/WhatsApp-Image-2025-07-25-at-1.23.43-PM-1024x683.jpeg 1024w, https:\/\/www.radiointeractivo.com.mx\/wp-content\/uploads\/2025\/07\/WhatsApp-Image-2025-07-25-at-1.23.43-PM-300x200.jpeg 300w, https:\/\/www.radiointeractivo.com.mx\/wp-content\/uploads\/2025\/07\/WhatsApp-Image-2025-07-25-at-1.23.43-PM-768x512.jpeg 768w, https:\/\/www.radiointeractivo.com.mx\/wp-content\/uploads\/2025\/07\/WhatsApp-Image-2025-07-25-at-1.23.43-PM.jpeg 1440w\" sizes=\"auto, (max-width: 1024px) 100vw, 1024px\" \/><\/figure>\n\n\n\n<p>Nuevo Laredo, Tam.\u2013 En una acci\u00f3n orientada a fortalecer la seguridad p\u00fablica y la atenci\u00f3n ciudadana en la regi\u00f3n norte de Tamaulipas, el <strong>Gobernador Am\u00e9rico Villarreal Anaya<\/strong> hizo entrega de <strong>18 unidades operativas al municipio de Nuevo Laredo<\/strong>, como parte de una estrategia integral que abarca a municipios de la zona norte y la regi\u00f3n Ribere\u00f1a del estado.<\/p>\n\n\n\n<p>El acto oficial de entrega se llev\u00f3 a cabo en el municipio de <strong>Miguel Alem\u00e1n<\/strong>, con la participaci\u00f3n de autoridades de los tres niveles de gobierno. En representaci\u00f3n de la alcaldesa <strong>Carmen Lilia Canturosas Villarreal<\/strong>, acudi\u00f3 el <strong>secretario del Ayuntamiento de Nuevo Laredo, Juan \u00c1ngel Mart\u00ednez Salazar<\/strong>.<\/p>\n\n\n\n<p>Durante la ceremonia, se entregaron un total de <strong>63 veh\u00edculos y equipo especializado<\/strong> para reforzar las labores de vigilancia, atenci\u00f3n a emergencias y combate a la violencia de g\u00e9nero en distintos municipios. Entre el equipamiento distribuido se incluyen <strong>camionetas patrulla, ambulancias, unidades Mamba, veh\u00edculos de la Guardia de G\u00e9nero<\/strong> y <strong>dos helic\u00f3pteros de reconocimiento<\/strong> para tareas de patrullaje a\u00e9reo.<\/p>\n\n\n\n<p>En el caso espec\u00edfico de <strong>Nuevo Laredo<\/strong>, el Gobierno del Estado asign\u00f3 <strong>16 patrullas totalmente equipadas<\/strong>, una <strong>ambulancia<\/strong> para servicios de emergencia y una <strong>unidad tipo van para la Guardia de G\u00e9nero<\/strong>, con el fin de robustecer las acciones municipales en materia de seguridad, salud y protecci\u00f3n a mujeres v\u00edctimas de violencia.<\/p>\n\n\n\n<p>La alcaldesa <strong>Carmen Lilia Canturosas Villarreal<\/strong> agradeci\u00f3 al gobernador Am\u00e9rico Villarreal por el respaldo brindado al municipio, y destac\u00f3 que estas nuevas unidades permitir\u00e1n <strong>reforzar las tareas preventivas y reactivas<\/strong> en beneficio de la poblaci\u00f3n.<\/p>\n\n\n\n<blockquote class=\"wp-block-quote is-layout-flow wp-block-quote-is-layout-flow\">\n<p>\u201cLa entrega de estos veh\u00edculos es una muestra clara del compromiso del Gobernador Am\u00e9rico Villarreal con la seguridad de Nuevo Laredo. Seguiremos trabajando de manera coordinada para que nuestras familias vivan con tranquilidad y confianza\u201d, expres\u00f3 la presidenta municipal.<\/p>\n<\/blockquote>\n\n\n\n<p>Estas acciones forman parte de una estrategia conjunta entre el <strong>Gobierno del Estado, la Federaci\u00f3n y los municipios<\/strong> para consolidar un entorno m\u00e1s seguro, con mayor capacidad de respuesta ante situaciones de riesgo y una atenci\u00f3n m\u00e1s efectiva a los sectores m\u00e1s vulnerables.<\/p>\n\n\n\n<p>El Gobierno Municipal reiter\u00f3 su disposici\u00f3n de seguir colaborando estrechamente con el estado en la implementaci\u00f3n de pol\u00edticas p\u00fablicas que promuevan la paz, la seguridad y el bienestar de la ciudadan\u00eda.<\/p>\n","protected":false},"excerpt":{"rendered":"<p>Nuevo Laredo, Tam.\u2013 En una acci\u00f3n orientada a fortalecer la seguridad p\u00fablica y la atenci\u00f3n ciudadana en la regi\u00f3n norte de Tamaulipas, el Gobernador Am\u00e9rico Villarreal Anaya hizo entrega de 18 unidades operativas al municipio de Nuevo Laredo, como parte de una estrategia integral que abarca a municipios de la zona norte y la regi\u00f3n &hellip;<\/p>\n","protected":false},"author":1,"featured_media":17443,"comment_status":"open","ping_status":"open","sticky":false,"template":"","format":"standard","meta":{"footnotes":""},"categories":[38],"tags":[],"class_list":["post-17435","post","type-post","status-publish","format-standard","has-post-thumbnail","","category-nuevo-laredo"],"_links":{"self":[{"href":"https:\/\/www.radiointeractivo.com.mx\/index.php?rest_route=\/wp\/v2\/posts\/17435","targetHints":{"allow":["GET"]}}],"collection":[{"href":"https:\/\/www.radiointeractivo.com.mx\/index.php?rest_route=\/wp\/v2\/posts"}],"about":[{"href":"https:\/\/www.radiointeractivo.com.mx\/index.php?rest_route=\/wp\/v2\/types\/post"}],"author":[{"embeddable":true,"href":"https:\/\/www.radiointeractivo.com.mx\/index.php?rest_route=\/wp\/v2\/users\/1"}],"replies":[{"embeddable":true,"href":"https:\/\/www.radiointeractivo.com.mx\/index.php?rest_route=%2Fwp%2Fv2%2Fcomments&post=17435"}],"version-history":[{"count":1,"href":"https:\/\/www.radiointeractivo.com.mx\/index.php?rest_route=\/wp\/v2\/posts\/17435\/revisions"}],"predecessor-version":[{"id":17444,"href":"https:\/\/www.radiointeractivo.com.mx\/index.php?rest_route=\/wp\/v2\/posts\/17435\/revisions\/17444"}],"wp:featuredmedia":[{"embeddable":true,"href":"https:\/\/www.radiointeractivo.com.mx\/index.php?rest_route=\/wp\/v2\/media\/17443"}],"wp:attachment":[{"href":"https:\/\/www.radiointeractivo.com.mx\/index.php?rest_route=%2Fwp%2Fv2%2Fmedia&parent=17435"}],"wp:term":[{"taxonomy":"category","embeddable":true,"href":"https:\/\/www.radiointeractivo.com.mx\/index.php?rest_route=%2Fwp%2Fv2%2Fcategories&post=17435"},{"taxonomy":"post_tag","embeddable":true,"href":"https:\/\/www.radiointeractivo.com.mx\/index.php?rest_route=%2Fwp%2Fv2%2Ftags&post=17435"}],"curies":[{"name":"wp","href":"https:\/\/api.w.org\/{rel}","templated":true}]}}