{"id":17429,"date":"2025-07-24T14:36:29","date_gmt":"2025-07-24T19:36:29","guid":{"rendered":"https:\/\/www.radiointeractivo.com.mx\/?p=17429"},"modified":"2025-07-24T14:36:31","modified_gmt":"2025-07-24T19:36:31","slug":"inicia-con-exito-el-capi-camp-en-el-zoologico-de-nuevo-laredo-con-la-participacion-de-100-ninos","status":"publish","type":"post","link":"https:\/\/www.radiointeractivo.com.mx\/?p=17429","title":{"rendered":"Inicia con \u00e9xito el \u201cCapi Camp\u201d en el Zool\u00f3gico de Nuevo Laredo con la participaci\u00f3n de 100 ni\u00f1os"},"content":{"rendered":"\n<figure class=\"wp-block-image size-large\"><img loading=\"lazy\" decoding=\"async\" width=\"1024\" height=\"684\" src=\"https:\/\/www.radiointeractivo.com.mx\/wp-content\/uploads\/2025\/07\/WhatsApp-Image-2025-07-24-at-12.28.09-PM-1024x684.jpeg\" alt=\"\" class=\"wp-image-17430\" srcset=\"https:\/\/www.radiointeractivo.com.mx\/wp-content\/uploads\/2025\/07\/WhatsApp-Image-2025-07-24-at-12.28.09-PM-1024x684.jpeg 1024w, https:\/\/www.radiointeractivo.com.mx\/wp-content\/uploads\/2025\/07\/WhatsApp-Image-2025-07-24-at-12.28.09-PM-300x200.jpeg 300w, https:\/\/www.radiointeractivo.com.mx\/wp-content\/uploads\/2025\/07\/WhatsApp-Image-2025-07-24-at-12.28.09-PM-768x513.jpeg 768w, https:\/\/www.radiointeractivo.com.mx\/wp-content\/uploads\/2025\/07\/WhatsApp-Image-2025-07-24-at-12.28.09-PM-1536x1026.jpeg 1536w, https:\/\/www.radiointeractivo.com.mx\/wp-content\/uploads\/2025\/07\/WhatsApp-Image-2025-07-24-at-12.28.09-PM.jpeg 1600w\" sizes=\"auto, (max-width: 1024px) 100vw, 1024px\" \/><\/figure>\n\n\n\n<p>Por: Staff | #NuevoLaredo #Laredo #NLD #Tamaulipas<\/p>\n\n\n\n<p>Nuevo Laredo, Tam.\u2013 Con cupo lleno y un ambiente de entusiasmo, dio inicio el \u201cCapi Camp\u201d, un campamento educativo organizado por el Gobierno Municipal a trav\u00e9s de la Direcci\u00f3n del Zool\u00f3gico de Nuevo Laredo, con el objetivo de fomentar en ni\u00f1as y ni\u00f1os el respeto por la naturaleza y la conciencia ambiental.<\/p>\n\n\n\n<p>Del 24 al 26 de julio, 100 menores inscritos participar\u00e1n en una experiencia que combina aprendizaje y diversi\u00f3n dentro de las instalaciones del zool\u00f3gico. Las actividades incluyen recorridos guiados, talleres de educaci\u00f3n ambiental, din\u00e1micas recreativas, avistamiento de animales y experiencias nocturnas, todas bajo supervisi\u00f3n de personal capacitado.<\/p>\n\n\n\n<p>El director del Zool\u00f3gico, Daniel del Fierro C\u00e1rdenas, destac\u00f3 la buena respuesta de la ciudadan\u00eda, al lograrse el cupo m\u00e1ximo previsto. \u201cEl Capi Camp es una experiencia \u00fanica que fortalece el v\u00ednculo de los ni\u00f1os con el entorno natural y los animales. Nos alegra ver el inter\u00e9s de las familias en este tipo de actividades\u201d, expres\u00f3.<\/p>\n\n\n\n<p>Para garantizar la seguridad de los participantes, el campamento cuenta con el respaldo de especialistas en biolog\u00eda, veterinaria, protecci\u00f3n civil y primeros auxilios.<\/p>\n\n\n\n<p>Del Fierro C\u00e1rdenas tambi\u00e9n subray\u00f3 el respaldo de la presidenta municipal, Carmen Lilia Canturosas Villarreal, quien ha promovido este tipo de iniciativas que impulsan el desarrollo integral de la ni\u00f1ez y el aprovechamiento de espacios p\u00fablicos.<\/p>\n\n\n\n<p>\u201cEl zool\u00f3gico es un espacio de aprendizaje y convivencia con la naturaleza. Nos llena de orgullo ver la aceptaci\u00f3n que tienen estos programas entre las familias\u201d, a\u00f1adi\u00f3.<\/p>\n\n\n\n<p>El Capi Camp forma parte de los esfuerzos del Gobierno Municipal por fortalecer la educaci\u00f3n ambiental desde edades tempranas y ofrecer opciones formativas y recreativas durante el periodo vacacional.<\/p>\n","protected":false},"excerpt":{"rendered":"<p>Por: Staff | #NuevoLaredo #Laredo #NLD #Tamaulipas Nuevo Laredo, Tam.\u2013 Con cupo lleno y un ambiente de entusiasmo, dio inicio el \u201cCapi Camp\u201d, un campamento educativo organizado por el Gobierno Municipal a trav\u00e9s de la Direcci\u00f3n del Zool\u00f3gico de Nuevo Laredo, con el objetivo de fomentar en ni\u00f1as y ni\u00f1os el respeto por la naturaleza &hellip;<\/p>\n","protected":false},"author":1,"featured_media":17430,"comment_status":"open","ping_status":"open","sticky":false,"template":"","format":"standard","meta":{"footnotes":""},"categories":[38],"tags":[],"class_list":["post-17429","post","type-post","status-publish","format-standard","has-post-thumbnail","","category-nuevo-laredo"],"_links":{"self":[{"href":"https:\/\/www.radiointeractivo.com.mx\/index.php?rest_route=\/wp\/v2\/posts\/17429","targetHints":{"allow":["GET"]}}],"collection":[{"href":"https:\/\/www.radiointeractivo.com.mx\/index.php?rest_route=\/wp\/v2\/posts"}],"about":[{"href":"https:\/\/www.radiointeractivo.com.mx\/index.php?rest_route=\/wp\/v2\/types\/post"}],"author":[{"embeddable":true,"href":"https:\/\/www.radiointeractivo.com.mx\/index.php?rest_route=\/wp\/v2\/users\/1"}],"replies":[{"embeddable":true,"href":"https:\/\/www.radiointeractivo.com.mx\/index.php?rest_route=%2Fwp%2Fv2%2Fcomments&post=17429"}],"version-history":[{"count":1,"href":"https:\/\/www.radiointeractivo.com.mx\/index.php?rest_route=\/wp\/v2\/posts\/17429\/revisions"}],"predecessor-version":[{"id":17431,"href":"https:\/\/www.radiointeractivo.com.mx\/index.php?rest_route=\/wp\/v2\/posts\/17429\/revisions\/17431"}],"wp:featuredmedia":[{"embeddable":true,"href":"https:\/\/www.radiointeractivo.com.mx\/index.php?rest_route=\/wp\/v2\/media\/17430"}],"wp:attachment":[{"href":"https:\/\/www.radiointeractivo.com.mx\/index.php?rest_route=%2Fwp%2Fv2%2Fmedia&parent=17429"}],"wp:term":[{"taxonomy":"category","embeddable":true,"href":"https:\/\/www.radiointeractivo.com.mx\/index.php?rest_route=%2Fwp%2Fv2%2Fcategories&post=17429"},{"taxonomy":"post_tag","embeddable":true,"href":"https:\/\/www.radiointeractivo.com.mx\/index.php?rest_route=%2Fwp%2Fv2%2Ftags&post=17429"}],"curies":[{"name":"wp","href":"https:\/\/api.w.org\/{rel}","templated":true}]}}