{"id":17400,"date":"2025-07-23T13:26:53","date_gmt":"2025-07-23T18:26:53","guid":{"rendered":"https:\/\/www.radiointeractivo.com.mx\/?p=17400"},"modified":"2025-07-23T13:26:55","modified_gmt":"2025-07-23T18:26:55","slug":"dif-nuevo-laredo-celebra-clausura-de-escuela-de-musica-con-graduacion-de-195-alumnos","status":"publish","type":"post","link":"https:\/\/www.radiointeractivo.com.mx\/?p=17400","title":{"rendered":"DIF Nuevo Laredo celebra clausura de Escuela de M\u00fasica con graduaci\u00f3n de 195 alumnos"},"content":{"rendered":"\n<figure class=\"wp-block-image size-large\"><img loading=\"lazy\" decoding=\"async\" width=\"1024\" height=\"553\" src=\"https:\/\/www.radiointeractivo.com.mx\/wp-content\/uploads\/2025\/07\/WhatsApp-Image-2025-07-23-at-12.14.38-PM-1-1024x553.jpeg\" alt=\"\" class=\"wp-image-17401\" srcset=\"https:\/\/www.radiointeractivo.com.mx\/wp-content\/uploads\/2025\/07\/WhatsApp-Image-2025-07-23-at-12.14.38-PM-1-1024x553.jpeg 1024w, https:\/\/www.radiointeractivo.com.mx\/wp-content\/uploads\/2025\/07\/WhatsApp-Image-2025-07-23-at-12.14.38-PM-1-300x162.jpeg 300w, https:\/\/www.radiointeractivo.com.mx\/wp-content\/uploads\/2025\/07\/WhatsApp-Image-2025-07-23-at-12.14.38-PM-1-768x415.jpeg 768w, https:\/\/www.radiointeractivo.com.mx\/wp-content\/uploads\/2025\/07\/WhatsApp-Image-2025-07-23-at-12.14.38-PM-1.jpeg 1127w\" sizes=\"auto, (max-width: 1024px) 100vw, 1024px\" \/><\/figure>\n\n\n\n<p>Por: Staff | #NuevoLaredo #Laredo #NLD #Tamaulipas<\/p>\n\n\n\n<p>El Sistema para el Desarrollo Integral de la Familia (DIF) de Nuevo Laredo llev\u00f3 a cabo el Festival de Clausura del periodo Primavera-Verano 2025 de su Escuela de M\u00fasica, en el que 195 estudiantes concluyeron exitosamente sus cursos gratuitos en diversas disciplinas musicales.<\/p>\n\n\n\n<p>Durante la ceremonia, los alumnos ofrecieron un concierto en el que demostraron los conocimientos adquiridos en instrumentos como guitarra ac\u00fastica y el\u00e9ctrica, viol\u00edn, teclado, canto, ukelele, bater\u00eda, clarinete, saxof\u00f3n, flauta transversal, bajo el\u00e9ctrico, percusi\u00f3n infantil, adem\u00e1s de las participaciones de coros infantiles, juveniles y de adultos, as\u00ed como la Banda Sinf\u00f3nica.<\/p>\n\n\n\n<p>La presidenta del Sistema DIF, Claudette Canturosas Villarreal, encabez\u00f3 el evento y reconoci\u00f3 el compromiso de los estudiantes, al tiempo que destac\u00f3 la importancia de brindar espacios accesibles para el desarrollo art\u00edstico y personal de personas de todas las edades.<\/p>\n\n\n\n<p>\u201cLa m\u00fasica es un lenguaje universal que trasciende barreras y nos une como comunidad. Hoy celebramos el poder transformador del arte en sus vidas\u201d, expres\u00f3 Canturosas Villarreal.<\/p>\n\n\n\n<p>Durante la clausura tambi\u00e9n se entregaron diplomas de participaci\u00f3n y menciones honor\u00edficas a los alumnos m\u00e1s destacados del ciclo.<\/p>\n\n\n\n<p>La Escuela de M\u00fasica del DIF, \u00fanica en su tipo en Tamaulipas, se caracteriza por ofrecer una formaci\u00f3n gratuita e inclusiva, con programas adaptados para estudiantes de Educaci\u00f3n Especial, permitiendo as\u00ed que m\u00e1s personas tengan acceso a la educaci\u00f3n musical.<\/p>\n\n\n\n<p>El DIF municipal invit\u00f3 a la ciudadan\u00eda a sumarse al pr\u00f3ximo ciclo escolar, que se llevar\u00e1 a cabo de agosto a diciembre de 2025. Las inscripciones estar\u00e1n abiertas del 4 al 15 de agosto en las instalaciones del DIF, ubicadas en Eva S\u00e1mano #1511, colonia La Fe.<\/p>\n","protected":false},"excerpt":{"rendered":"<p>Por: Staff | #NuevoLaredo #Laredo #NLD #Tamaulipas El Sistema para el Desarrollo Integral de la Familia (DIF) de Nuevo Laredo llev\u00f3 a cabo el Festival de Clausura del periodo Primavera-Verano 2025 de su Escuela de M\u00fasica, en el que 195 estudiantes concluyeron exitosamente sus cursos gratuitos en diversas disciplinas musicales. Durante la ceremonia, los alumnos &hellip;<\/p>\n","protected":false},"author":1,"featured_media":17401,"comment_status":"open","ping_status":"open","sticky":false,"template":"","format":"standard","meta":{"footnotes":""},"categories":[38],"tags":[],"class_list":["post-17400","post","type-post","status-publish","format-standard","has-post-thumbnail","","category-nuevo-laredo"],"_links":{"self":[{"href":"https:\/\/www.radiointeractivo.com.mx\/index.php?rest_route=\/wp\/v2\/posts\/17400","targetHints":{"allow":["GET"]}}],"collection":[{"href":"https:\/\/www.radiointeractivo.com.mx\/index.php?rest_route=\/wp\/v2\/posts"}],"about":[{"href":"https:\/\/www.radiointeractivo.com.mx\/index.php?rest_route=\/wp\/v2\/types\/post"}],"author":[{"embeddable":true,"href":"https:\/\/www.radiointeractivo.com.mx\/index.php?rest_route=\/wp\/v2\/users\/1"}],"replies":[{"embeddable":true,"href":"https:\/\/www.radiointeractivo.com.mx\/index.php?rest_route=%2Fwp%2Fv2%2Fcomments&post=17400"}],"version-history":[{"count":1,"href":"https:\/\/www.radiointeractivo.com.mx\/index.php?rest_route=\/wp\/v2\/posts\/17400\/revisions"}],"predecessor-version":[{"id":17402,"href":"https:\/\/www.radiointeractivo.com.mx\/index.php?rest_route=\/wp\/v2\/posts\/17400\/revisions\/17402"}],"wp:featuredmedia":[{"embeddable":true,"href":"https:\/\/www.radiointeractivo.com.mx\/index.php?rest_route=\/wp\/v2\/media\/17401"}],"wp:attachment":[{"href":"https:\/\/www.radiointeractivo.com.mx\/index.php?rest_route=%2Fwp%2Fv2%2Fmedia&parent=17400"}],"wp:term":[{"taxonomy":"category","embeddable":true,"href":"https:\/\/www.radiointeractivo.com.mx\/index.php?rest_route=%2Fwp%2Fv2%2Fcategories&post=17400"},{"taxonomy":"post_tag","embeddable":true,"href":"https:\/\/www.radiointeractivo.com.mx\/index.php?rest_route=%2Fwp%2Fv2%2Ftags&post=17400"}],"curies":[{"name":"wp","href":"https:\/\/api.w.org\/{rel}","templated":true}]}}