{"id":17365,"date":"2025-07-21T13:12:48","date_gmt":"2025-07-21T18:12:48","guid":{"rendered":"https:\/\/www.radiointeractivo.com.mx\/?p=17365"},"modified":"2025-07-21T13:12:50","modified_gmt":"2025-07-21T18:12:50","slug":"oficina-de-enlace-con-la-sre-en-nuevo-laredo-entregara-pasaportes-durante-el-periodo-vacacional","status":"publish","type":"post","link":"https:\/\/www.radiointeractivo.com.mx\/?p=17365","title":{"rendered":"Oficina de Enlace con la SRE en Nuevo Laredo entregar\u00e1 pasaportes durante el periodo vacacional"},"content":{"rendered":"\n<figure class=\"wp-block-image size-large\"><img loading=\"lazy\" decoding=\"async\" width=\"1024\" height=\"684\" src=\"https:\/\/www.radiointeractivo.com.mx\/wp-content\/uploads\/2025\/07\/WhatsApp-Image-2025-07-21-at-12.15.11-PM-1024x684.jpeg\" alt=\"\" class=\"wp-image-17366\" srcset=\"https:\/\/www.radiointeractivo.com.mx\/wp-content\/uploads\/2025\/07\/WhatsApp-Image-2025-07-21-at-12.15.11-PM-1024x684.jpeg 1024w, https:\/\/www.radiointeractivo.com.mx\/wp-content\/uploads\/2025\/07\/WhatsApp-Image-2025-07-21-at-12.15.11-PM-300x200.jpeg 300w, https:\/\/www.radiointeractivo.com.mx\/wp-content\/uploads\/2025\/07\/WhatsApp-Image-2025-07-21-at-12.15.11-PM-768x513.jpeg 768w, https:\/\/www.radiointeractivo.com.mx\/wp-content\/uploads\/2025\/07\/WhatsApp-Image-2025-07-21-at-12.15.11-PM-1536x1026.jpeg 1536w, https:\/\/www.radiointeractivo.com.mx\/wp-content\/uploads\/2025\/07\/WhatsApp-Image-2025-07-21-at-12.15.11-PM.jpeg 1600w\" sizes=\"auto, (max-width: 1024px) 100vw, 1024px\" \/><\/figure>\n\n\n\n<p>Por: Staff | #NuevoLaredo #Laredo #NLD #Tamaulipas<\/p>\n\n\n\n<p>NUEVO LAREDO.\u2013 La Oficina de Enlace con la Secretar\u00eda de Relaciones Exteriores (SRE) en Nuevo Laredo inform\u00f3 que, durante el periodo vacacional, se suspender\u00e1 temporalmente la recepci\u00f3n de nuevos tr\u00e1mites. No obstante, se continuar\u00e1 brindando atenci\u00f3n para la entrega de pasaportes previamente tramitados y orientaci\u00f3n general.<\/p>\n\n\n\n<p>Yadira Lara Ram\u00edrez, titular de la oficina, explic\u00f3 que el servicio se limitar\u00e1 exclusivamente a la entrega de documentos e informaci\u00f3n sobre requisitos para futuros tr\u00e1mites. El horario de atenci\u00f3n durante este periodo ser\u00e1 de 9:00 a.m. a 1:00 p.m.<\/p>\n\n\n\n<p>\u201cContamos con capacidad para atender hasta 120 personas diarias, con un promedio actual de 100 pasaportes entregados por d\u00eda\u201d, detall\u00f3 la funcionaria.<\/p>\n\n\n\n<p>Asimismo, se record\u00f3 a la poblaci\u00f3n que las citas para tr\u00e1mites pueden agendarse de manera gratuita a trav\u00e9s del n\u00famero oficial 55 89 32 48 27. Se reiter\u00f3 que no debe realizarse ning\u00fan pago adicional por la obtenci\u00f3n de citas.<\/p>\n\n\n\n<p>La dependencia exhort\u00f3 a los usuarios a mantenerse informados por los canales oficiales y agradeci\u00f3 la comprensi\u00f3n de la ciudadan\u00eda, reafirmando su compromiso con un servicio transparente y eficiente.<\/p>\n","protected":false},"excerpt":{"rendered":"<p>Por: Staff | #NuevoLaredo #Laredo #NLD #Tamaulipas NUEVO LAREDO.\u2013 La Oficina de Enlace con la Secretar\u00eda de Relaciones Exteriores (SRE) en Nuevo Laredo inform\u00f3 que, durante el periodo vacacional, se suspender\u00e1 temporalmente la recepci\u00f3n de nuevos tr\u00e1mites. No obstante, se continuar\u00e1 brindando atenci\u00f3n para la entrega de pasaportes previamente tramitados y orientaci\u00f3n general. Yadira Lara &hellip;<\/p>\n","protected":false},"author":1,"featured_media":17366,"comment_status":"open","ping_status":"open","sticky":false,"template":"","format":"standard","meta":{"footnotes":""},"categories":[38],"tags":[],"class_list":["post-17365","post","type-post","status-publish","format-standard","has-post-thumbnail","","category-nuevo-laredo"],"_links":{"self":[{"href":"https:\/\/www.radiointeractivo.com.mx\/index.php?rest_route=\/wp\/v2\/posts\/17365","targetHints":{"allow":["GET"]}}],"collection":[{"href":"https:\/\/www.radiointeractivo.com.mx\/index.php?rest_route=\/wp\/v2\/posts"}],"about":[{"href":"https:\/\/www.radiointeractivo.com.mx\/index.php?rest_route=\/wp\/v2\/types\/post"}],"author":[{"embeddable":true,"href":"https:\/\/www.radiointeractivo.com.mx\/index.php?rest_route=\/wp\/v2\/users\/1"}],"replies":[{"embeddable":true,"href":"https:\/\/www.radiointeractivo.com.mx\/index.php?rest_route=%2Fwp%2Fv2%2Fcomments&post=17365"}],"version-history":[{"count":1,"href":"https:\/\/www.radiointeractivo.com.mx\/index.php?rest_route=\/wp\/v2\/posts\/17365\/revisions"}],"predecessor-version":[{"id":17367,"href":"https:\/\/www.radiointeractivo.com.mx\/index.php?rest_route=\/wp\/v2\/posts\/17365\/revisions\/17367"}],"wp:featuredmedia":[{"embeddable":true,"href":"https:\/\/www.radiointeractivo.com.mx\/index.php?rest_route=\/wp\/v2\/media\/17366"}],"wp:attachment":[{"href":"https:\/\/www.radiointeractivo.com.mx\/index.php?rest_route=%2Fwp%2Fv2%2Fmedia&parent=17365"}],"wp:term":[{"taxonomy":"category","embeddable":true,"href":"https:\/\/www.radiointeractivo.com.mx\/index.php?rest_route=%2Fwp%2Fv2%2Fcategories&post=17365"},{"taxonomy":"post_tag","embeddable":true,"href":"https:\/\/www.radiointeractivo.com.mx\/index.php?rest_route=%2Fwp%2Fv2%2Ftags&post=17365"}],"curies":[{"name":"wp","href":"https:\/\/api.w.org\/{rel}","templated":true}]}}