{"id":17361,"date":"2025-07-21T11:03:46","date_gmt":"2025-07-21T16:03:46","guid":{"rendered":"https:\/\/www.radiointeractivo.com.mx\/?p=17361"},"modified":"2025-07-21T11:03:48","modified_gmt":"2025-07-21T16:03:48","slug":"alcaldesa-de-nuevo-laredo-participa-en-foro-de-la-onu-y-presenta-informe-local-voluntario","status":"publish","type":"post","link":"https:\/\/www.radiointeractivo.com.mx\/?p=17361","title":{"rendered":"Alcaldesa de Nuevo Laredo participa en foro de la ONU y presenta Informe Local Voluntario"},"content":{"rendered":"\n<figure class=\"wp-block-image size-large\"><img loading=\"lazy\" decoding=\"async\" width=\"1024\" height=\"682\" src=\"https:\/\/www.radiointeractivo.com.mx\/wp-content\/uploads\/2025\/07\/WhatsApp-Image-2025-07-21-at-10.59.26-AM-1024x682.jpeg\" alt=\"\" class=\"wp-image-17362\" srcset=\"https:\/\/www.radiointeractivo.com.mx\/wp-content\/uploads\/2025\/07\/WhatsApp-Image-2025-07-21-at-10.59.26-AM-1024x682.jpeg 1024w, https:\/\/www.radiointeractivo.com.mx\/wp-content\/uploads\/2025\/07\/WhatsApp-Image-2025-07-21-at-10.59.26-AM-300x200.jpeg 300w, https:\/\/www.radiointeractivo.com.mx\/wp-content\/uploads\/2025\/07\/WhatsApp-Image-2025-07-21-at-10.59.26-AM-768x512.jpeg 768w, https:\/\/www.radiointeractivo.com.mx\/wp-content\/uploads\/2025\/07\/WhatsApp-Image-2025-07-21-at-10.59.26-AM-310x205.jpeg 310w, https:\/\/www.radiointeractivo.com.mx\/wp-content\/uploads\/2025\/07\/WhatsApp-Image-2025-07-21-at-10.59.26-AM.jpeg 1280w\" sizes=\"auto, (max-width: 1024px) 100vw, 1024px\" \/><\/figure>\n\n\n\n<p>Por: Staff | #NuevoLaredo #Laredo #NLD #Tamaulipas<\/p>\n\n\n\n<p>Desde la sede principal de las Naciones Unidas, la alcaldesa de Nuevo Laredo, Carmen Lilia Canturosas Villarreal, inici\u00f3 su participaci\u00f3n en el Foro Pol\u00edtico de Alto Nivel sobre Desarrollo Sostenible, donde representa a M\u00e9xico en uno de los espacios m\u00e1s relevantes en materia de cooperaci\u00f3n internacional.<\/p>\n\n\n\n<p>Durante su intervenci\u00f3n, Canturosas present\u00f3 el primer Informe Local Voluntario del municipio, en el marco de la iniciativa UN@80. El documento expone los avances y acciones de Nuevo Laredo en torno a los Objetivos de Desarrollo Sostenible (ODS), con \u00e9nfasis en los rubros de agua limpia, saneamiento y la conformaci\u00f3n de alianzas estrat\u00e9gicas.<\/p>\n\n\n\n<p>Este ejercicio posiciona a Nuevo Laredo como un referente nacional en el compromiso con la Agenda 2030, y refuerza su participaci\u00f3n activa en la b\u00fasqueda de un desarrollo m\u00e1s equitativo, sostenible y colaborativo desde el \u00e1mbito local.<\/p>\n","protected":false},"excerpt":{"rendered":"<p>Por: Staff | #NuevoLaredo #Laredo #NLD #Tamaulipas Desde la sede principal de las Naciones Unidas, la alcaldesa de Nuevo Laredo, Carmen Lilia Canturosas Villarreal, inici\u00f3 su participaci\u00f3n en el Foro Pol\u00edtico de Alto Nivel sobre Desarrollo Sostenible, donde representa a M\u00e9xico en uno de los espacios m\u00e1s relevantes en materia de cooperaci\u00f3n internacional. Durante su &hellip;<\/p>\n","protected":false},"author":1,"featured_media":17362,"comment_status":"open","ping_status":"open","sticky":false,"template":"","format":"standard","meta":{"footnotes":""},"categories":[38],"tags":[],"class_list":["post-17361","post","type-post","status-publish","format-standard","has-post-thumbnail","","category-nuevo-laredo"],"_links":{"self":[{"href":"https:\/\/www.radiointeractivo.com.mx\/index.php?rest_route=\/wp\/v2\/posts\/17361","targetHints":{"allow":["GET"]}}],"collection":[{"href":"https:\/\/www.radiointeractivo.com.mx\/index.php?rest_route=\/wp\/v2\/posts"}],"about":[{"href":"https:\/\/www.radiointeractivo.com.mx\/index.php?rest_route=\/wp\/v2\/types\/post"}],"author":[{"embeddable":true,"href":"https:\/\/www.radiointeractivo.com.mx\/index.php?rest_route=\/wp\/v2\/users\/1"}],"replies":[{"embeddable":true,"href":"https:\/\/www.radiointeractivo.com.mx\/index.php?rest_route=%2Fwp%2Fv2%2Fcomments&post=17361"}],"version-history":[{"count":1,"href":"https:\/\/www.radiointeractivo.com.mx\/index.php?rest_route=\/wp\/v2\/posts\/17361\/revisions"}],"predecessor-version":[{"id":17363,"href":"https:\/\/www.radiointeractivo.com.mx\/index.php?rest_route=\/wp\/v2\/posts\/17361\/revisions\/17363"}],"wp:featuredmedia":[{"embeddable":true,"href":"https:\/\/www.radiointeractivo.com.mx\/index.php?rest_route=\/wp\/v2\/media\/17362"}],"wp:attachment":[{"href":"https:\/\/www.radiointeractivo.com.mx\/index.php?rest_route=%2Fwp%2Fv2%2Fmedia&parent=17361"}],"wp:term":[{"taxonomy":"category","embeddable":true,"href":"https:\/\/www.radiointeractivo.com.mx\/index.php?rest_route=%2Fwp%2Fv2%2Fcategories&post=17361"},{"taxonomy":"post_tag","embeddable":true,"href":"https:\/\/www.radiointeractivo.com.mx\/index.php?rest_route=%2Fwp%2Fv2%2Ftags&post=17361"}],"curies":[{"name":"wp","href":"https:\/\/api.w.org\/{rel}","templated":true}]}}