{"id":17356,"date":"2025-07-18T16:01:41","date_gmt":"2025-07-18T21:01:41","guid":{"rendered":"https:\/\/www.radiointeractivo.com.mx\/?p=17356"},"modified":"2025-07-18T16:01:44","modified_gmt":"2025-07-18T21:01:44","slug":"refuerza-dif-operativos-para-prevenir-la-explotacion-infantil-durante-vacaciones-en-nuevo-laredo","status":"publish","type":"post","link":"https:\/\/www.radiointeractivo.com.mx\/?p=17356","title":{"rendered":"Refuerza DIF operativos para prevenir la explotaci\u00f3n infantil durante vacaciones en Nuevo Laredo"},"content":{"rendered":"\n<figure class=\"wp-block-image size-large\"><img loading=\"lazy\" decoding=\"async\" width=\"1024\" height=\"682\" src=\"https:\/\/www.radiointeractivo.com.mx\/wp-content\/uploads\/2025\/07\/WhatsApp-Image-2025-07-18-at-3.14.28-PM-1024x682.jpeg\" alt=\"\" class=\"wp-image-17357\" srcset=\"https:\/\/www.radiointeractivo.com.mx\/wp-content\/uploads\/2025\/07\/WhatsApp-Image-2025-07-18-at-3.14.28-PM-1024x682.jpeg 1024w, https:\/\/www.radiointeractivo.com.mx\/wp-content\/uploads\/2025\/07\/WhatsApp-Image-2025-07-18-at-3.14.28-PM-300x200.jpeg 300w, https:\/\/www.radiointeractivo.com.mx\/wp-content\/uploads\/2025\/07\/WhatsApp-Image-2025-07-18-at-3.14.28-PM-768x512.jpeg 768w, https:\/\/www.radiointeractivo.com.mx\/wp-content\/uploads\/2025\/07\/WhatsApp-Image-2025-07-18-at-3.14.28-PM-1536x1023.jpeg 1536w, https:\/\/www.radiointeractivo.com.mx\/wp-content\/uploads\/2025\/07\/WhatsApp-Image-2025-07-18-at-3.14.28-PM-310x205.jpeg 310w, https:\/\/www.radiointeractivo.com.mx\/wp-content\/uploads\/2025\/07\/WhatsApp-Image-2025-07-18-at-3.14.28-PM.jpeg 1600w\" sizes=\"auto, (max-width: 1024px) 100vw, 1024px\" \/><\/figure>\n\n\n\n<p>Por: Staff | #NuevoLaredo #Laredo #NLD #Tamaulipas<\/p>\n\n\n\n<p>Con el prop\u00f3sito de proteger a ni\u00f1os y adolescentes durante el periodo vacacional, el Sistema para el Desarrollo Integral de la Familia (DIF) de Nuevo Laredo intensific\u00f3 sus operativos a trav\u00e9s de la Procuradur\u00eda de Protecci\u00f3n a Ni\u00f1as, Ni\u00f1os y Adolescentes (PPNNA), en coordinaci\u00f3n con la Unidad de G\u00e9nero de la Guardia Estatal.<\/p>\n\n\n\n<p>Las acciones forman parte del programa \u201cSeguimos Alzando la Voz en Contra de la Explotaci\u00f3n Infantil\u201d, mediante el cual se realizan recorridos en distintos sectores de la ciudad para detectar a menores en riesgo, particularmente aquellos que se encuentran en la v\u00eda p\u00fablica realizando actividades como venta de productos, limpieza de parabrisas o cualquier otro tipo de trabajo que implique explotaci\u00f3n.<\/p>\n\n\n\n<p>Roberto Viviano V\u00e1zquez Mac\u00edas, director general del DIF, destac\u00f3 que estas medidas responden al compromiso del Gobierno Municipal para garantizar el sano desarrollo de la ni\u00f1ez. \u201cCon la intensificaci\u00f3n de los operativos buscamos evitar que ni\u00f1as y ni\u00f1os sean expuestos a condiciones de trabajo. Es una estrategia respaldada por la alcaldesa Carmen Lilia Canturosas y la presidenta del Sistema DIF, Claudette Canturosas, enfocada en garantizar el inter\u00e9s superior de la ni\u00f1ez\u201d, expres\u00f3.<\/p>\n\n\n\n<p>El funcionario detall\u00f3 que los operativos se realizan de forma sorpresiva y han permitido detectar casos en los que menores son obligados a trabajar para beneficio de adultos, lo que constituye una violaci\u00f3n grave a sus derechos.<\/p>\n\n\n\n<p>Cada caso identificado es evaluado de manera integral, brindando acompa\u00f1amiento jur\u00eddico, atenci\u00f3n psicol\u00f3gica, programas como escuela para padres y, en casos necesarios, el resguardo del menor en la Casa Hogar \u201cMi Casa DIF\u201d.<\/p>\n\n\n\n<p>Sergio Salazar Escamilla, procurador del DIF, advirti\u00f3 que permitir que un menor realice actividades econ\u00f3micas vulnera su derecho a la educaci\u00f3n, al juego y al desarrollo emocional. \u201cForzar a un ni\u00f1o a trabajar lo expone a riesgos f\u00edsicos, emocionales y sociales que impactan negativamente en su crecimiento\u201d, dijo.<\/p>\n\n\n\n<p>Las autoridades se\u00f1alaron que, en caso de reincidencia, los padres o tutores podr\u00edan enfrentar consecuencias legales. Asimismo, hicieron un llamado urgente a la poblaci\u00f3n para no fomentar esta pr\u00e1ctica.<\/p>\n\n\n\n<p>\u201cLa mejor forma de ayudar a un menor en situaci\u00f3n de explotaci\u00f3n no es d\u00e1ndole dinero, sino denunciando. Al contribuir econ\u00f3micamente, se perpet\u00faa el ciclo de explotaci\u00f3n infantil\u201d, subray\u00f3 el titular del DIF.<\/p>\n\n\n\n<p>Las denuncias pueden realizarse de forma an\u00f3nima y operan las 24 horas a trav\u00e9s del n\u00famero 800 999 2484.<\/p>\n\n\n\n<p>Con estas acciones reforzadas, el Gobierno Municipal de Nuevo Laredo y el DIF reiteran su compromiso con la protecci\u00f3n integral de los derechos de la ni\u00f1ez y el combate a toda forma de explotaci\u00f3n infantil.<\/p>\n","protected":false},"excerpt":{"rendered":"<p>Por: Staff | #NuevoLaredo #Laredo #NLD #Tamaulipas Con el prop\u00f3sito de proteger a ni\u00f1os y adolescentes durante el periodo vacacional, el Sistema para el Desarrollo Integral de la Familia (DIF) de Nuevo Laredo intensific\u00f3 sus operativos a trav\u00e9s de la Procuradur\u00eda de Protecci\u00f3n a Ni\u00f1as, Ni\u00f1os y Adolescentes (PPNNA), en coordinaci\u00f3n con la Unidad de &hellip;<\/p>\n","protected":false},"author":1,"featured_media":17357,"comment_status":"open","ping_status":"open","sticky":false,"template":"","format":"standard","meta":{"footnotes":""},"categories":[38],"tags":[],"class_list":["post-17356","post","type-post","status-publish","format-standard","has-post-thumbnail","","category-nuevo-laredo"],"_links":{"self":[{"href":"https:\/\/www.radiointeractivo.com.mx\/index.php?rest_route=\/wp\/v2\/posts\/17356","targetHints":{"allow":["GET"]}}],"collection":[{"href":"https:\/\/www.radiointeractivo.com.mx\/index.php?rest_route=\/wp\/v2\/posts"}],"about":[{"href":"https:\/\/www.radiointeractivo.com.mx\/index.php?rest_route=\/wp\/v2\/types\/post"}],"author":[{"embeddable":true,"href":"https:\/\/www.radiointeractivo.com.mx\/index.php?rest_route=\/wp\/v2\/users\/1"}],"replies":[{"embeddable":true,"href":"https:\/\/www.radiointeractivo.com.mx\/index.php?rest_route=%2Fwp%2Fv2%2Fcomments&post=17356"}],"version-history":[{"count":1,"href":"https:\/\/www.radiointeractivo.com.mx\/index.php?rest_route=\/wp\/v2\/posts\/17356\/revisions"}],"predecessor-version":[{"id":17358,"href":"https:\/\/www.radiointeractivo.com.mx\/index.php?rest_route=\/wp\/v2\/posts\/17356\/revisions\/17358"}],"wp:featuredmedia":[{"embeddable":true,"href":"https:\/\/www.radiointeractivo.com.mx\/index.php?rest_route=\/wp\/v2\/media\/17357"}],"wp:attachment":[{"href":"https:\/\/www.radiointeractivo.com.mx\/index.php?rest_route=%2Fwp%2Fv2%2Fmedia&parent=17356"}],"wp:term":[{"taxonomy":"category","embeddable":true,"href":"https:\/\/www.radiointeractivo.com.mx\/index.php?rest_route=%2Fwp%2Fv2%2Fcategories&post=17356"},{"taxonomy":"post_tag","embeddable":true,"href":"https:\/\/www.radiointeractivo.com.mx\/index.php?rest_route=%2Fwp%2Fv2%2Ftags&post=17356"}],"curies":[{"name":"wp","href":"https:\/\/api.w.org\/{rel}","templated":true}]}}