{"id":17342,"date":"2025-07-17T16:06:11","date_gmt":"2025-07-17T21:06:11","guid":{"rendered":"https:\/\/www.radiointeractivo.com.mx\/?p=17342"},"modified":"2025-07-17T16:06:13","modified_gmt":"2025-07-17T21:06:13","slug":"alcaldesa-de-nuevo-laredo-y-consul-general-de-canada-estrechan-colaboracion-para-fortalecer-comercio-trilateral","status":"publish","type":"post","link":"https:\/\/www.radiointeractivo.com.mx\/?p=17342","title":{"rendered":"Alcaldesa de Nuevo Laredo y C\u00f3nsul General de Canad\u00e1 estrechan colaboraci\u00f3n para fortalecer comercio trilateral"},"content":{"rendered":"\n<figure class=\"wp-block-image size-large\"><img loading=\"lazy\" decoding=\"async\" width=\"1024\" height=\"614\" src=\"https:\/\/www.radiointeractivo.com.mx\/wp-content\/uploads\/2025\/07\/WhatsApp-Image-2025-07-17-at-2.47.12-PM-1024x614.jpeg\" alt=\"\" class=\"wp-image-17343\" srcset=\"https:\/\/www.radiointeractivo.com.mx\/wp-content\/uploads\/2025\/07\/WhatsApp-Image-2025-07-17-at-2.47.12-PM-1024x614.jpeg 1024w, https:\/\/www.radiointeractivo.com.mx\/wp-content\/uploads\/2025\/07\/WhatsApp-Image-2025-07-17-at-2.47.12-PM-300x180.jpeg 300w, https:\/\/www.radiointeractivo.com.mx\/wp-content\/uploads\/2025\/07\/WhatsApp-Image-2025-07-17-at-2.47.12-PM-768x460.jpeg 768w, https:\/\/www.radiointeractivo.com.mx\/wp-content\/uploads\/2025\/07\/WhatsApp-Image-2025-07-17-at-2.47.12-PM-1536x921.jpeg 1536w, https:\/\/www.radiointeractivo.com.mx\/wp-content\/uploads\/2025\/07\/WhatsApp-Image-2025-07-17-at-2.47.12-PM.jpeg 1600w\" sizes=\"auto, (max-width: 1024px) 100vw, 1024px\" \/><\/figure>\n\n\n\n<p>Por: Staff | #NuevoLaredo #Laredo #NLD #Tamaulipas<\/p>\n\n\n\n<p>La presidenta municipal de Nuevo Laredo, Carmen Lilia Canturosas, sostuvo una reuni\u00f3n de trabajo con Anabelle Larouche, C\u00f3nsul General de Canad\u00e1 en Monterrey, con el prop\u00f3sito de fortalecer los lazos de cooperaci\u00f3n internacional y explorar nuevas oportunidades para el comercio entre M\u00e9xico y Canad\u00e1.<\/p>\n\n\n\n<p>Durante el encuentro, ambas funcionarias coincidieron en la relevancia estrat\u00e9gica de Nuevo Laredo como punto clave para el intercambio comercial entre los pa\u00edses que integran el Tratado de Libre Comercio de Am\u00e9rica del Norte (TLCAN), destacando su papel como centro log\u00edstico en el corredor comercial m\u00e1s importante del continente.<\/p>\n\n\n\n<p>Entre los temas abordados se discuti\u00f3 la necesidad de promover infraestructura moderna que facilite el crecimiento del comercio trilateral y potencie la competitividad regional. La alcaldesa Canturosas subray\u00f3 la importancia de consolidar alianzas con Canad\u00e1, uno de los principales socios comerciales de M\u00e9xico, para generar beneficios econ\u00f3micos compartidos.<\/p>\n\n\n\n<p>\u201cEsta frontera representa una oportunidad \u00fanica para consolidar relaciones econ\u00f3micas que beneficien a nuestros pueblos\u201d, afirm\u00f3 Canturosas durante la reuni\u00f3n.<\/p>\n\n\n\n<p>Uno de los puntos destacados fue la reciente inauguraci\u00f3n del puente ferroviario internacional CPKC, infraestructura que fortalece la conectividad entre M\u00e9xico, Estados Unidos y Canad\u00e1, y posiciona a Nuevo Laredo como un nodo log\u00edstico estrat\u00e9gico en Am\u00e9rica del Norte.<\/p>\n\n\n\n<p>La visita de la C\u00f3nsul General Larouche reafirma el inter\u00e9s del gobierno canadiense en fomentar la cooperaci\u00f3n econ\u00f3mica con esta regi\u00f3n fronteriza y apoyar proyectos que impulsen el desarrollo binacional.<\/p>\n\n\n\n<p>Este acercamiento forma parte de una estrategia m\u00e1s amplia para consolidar la integraci\u00f3n econ\u00f3mica de Am\u00e9rica del Norte, mediante la promoci\u00f3n de inversiones, el fortalecimiento de relaciones institucionales y el aprovechamiento de la ubicaci\u00f3n geogr\u00e1fica de Nuevo Laredo como puerta de entrada al comercio internacional.<\/p>\n","protected":false},"excerpt":{"rendered":"<p>Por: Staff | #NuevoLaredo #Laredo #NLD #Tamaulipas La presidenta municipal de Nuevo Laredo, Carmen Lilia Canturosas, sostuvo una reuni\u00f3n de trabajo con Anabelle Larouche, C\u00f3nsul General de Canad\u00e1 en Monterrey, con el prop\u00f3sito de fortalecer los lazos de cooperaci\u00f3n internacional y explorar nuevas oportunidades para el comercio entre M\u00e9xico y Canad\u00e1. Durante el encuentro, ambas &hellip;<\/p>\n","protected":false},"author":1,"featured_media":17343,"comment_status":"open","ping_status":"open","sticky":false,"template":"","format":"standard","meta":{"footnotes":""},"categories":[38],"tags":[],"class_list":["post-17342","post","type-post","status-publish","format-standard","has-post-thumbnail","","category-nuevo-laredo"],"_links":{"self":[{"href":"https:\/\/www.radiointeractivo.com.mx\/index.php?rest_route=\/wp\/v2\/posts\/17342","targetHints":{"allow":["GET"]}}],"collection":[{"href":"https:\/\/www.radiointeractivo.com.mx\/index.php?rest_route=\/wp\/v2\/posts"}],"about":[{"href":"https:\/\/www.radiointeractivo.com.mx\/index.php?rest_route=\/wp\/v2\/types\/post"}],"author":[{"embeddable":true,"href":"https:\/\/www.radiointeractivo.com.mx\/index.php?rest_route=\/wp\/v2\/users\/1"}],"replies":[{"embeddable":true,"href":"https:\/\/www.radiointeractivo.com.mx\/index.php?rest_route=%2Fwp%2Fv2%2Fcomments&post=17342"}],"version-history":[{"count":1,"href":"https:\/\/www.radiointeractivo.com.mx\/index.php?rest_route=\/wp\/v2\/posts\/17342\/revisions"}],"predecessor-version":[{"id":17344,"href":"https:\/\/www.radiointeractivo.com.mx\/index.php?rest_route=\/wp\/v2\/posts\/17342\/revisions\/17344"}],"wp:featuredmedia":[{"embeddable":true,"href":"https:\/\/www.radiointeractivo.com.mx\/index.php?rest_route=\/wp\/v2\/media\/17343"}],"wp:attachment":[{"href":"https:\/\/www.radiointeractivo.com.mx\/index.php?rest_route=%2Fwp%2Fv2%2Fmedia&parent=17342"}],"wp:term":[{"taxonomy":"category","embeddable":true,"href":"https:\/\/www.radiointeractivo.com.mx\/index.php?rest_route=%2Fwp%2Fv2%2Fcategories&post=17342"},{"taxonomy":"post_tag","embeddable":true,"href":"https:\/\/www.radiointeractivo.com.mx\/index.php?rest_route=%2Fwp%2Fv2%2Ftags&post=17342"}],"curies":[{"name":"wp","href":"https:\/\/api.w.org\/{rel}","templated":true}]}}