{"id":17339,"date":"2025-07-17T16:02:36","date_gmt":"2025-07-17T21:02:36","guid":{"rendered":"https:\/\/www.radiointeractivo.com.mx\/?p=17339"},"modified":"2025-07-17T16:02:40","modified_gmt":"2025-07-17T21:02:40","slug":"dif-y-cedif-graduan-a-200-mujeres-capacitadas-para-el-autoempleo-en-nuevo-laredo","status":"publish","type":"post","link":"https:\/\/www.radiointeractivo.com.mx\/?p=17339","title":{"rendered":"DIF y CEDIF grad\u00faan a 200 mujeres capacitadas para el autoempleo en Nuevo Laredo"},"content":{"rendered":"\n<figure class=\"wp-block-image size-large\"><img loading=\"lazy\" decoding=\"async\" width=\"1024\" height=\"612\" src=\"https:\/\/www.radiointeractivo.com.mx\/wp-content\/uploads\/2025\/07\/WhatsApp-Image-2025-07-17-at-12.50.40-PM-1024x612.jpeg\" alt=\"\" class=\"wp-image-17340\" srcset=\"https:\/\/www.radiointeractivo.com.mx\/wp-content\/uploads\/2025\/07\/WhatsApp-Image-2025-07-17-at-12.50.40-PM-1024x612.jpeg 1024w, https:\/\/www.radiointeractivo.com.mx\/wp-content\/uploads\/2025\/07\/WhatsApp-Image-2025-07-17-at-12.50.40-PM-300x179.jpeg 300w, https:\/\/www.radiointeractivo.com.mx\/wp-content\/uploads\/2025\/07\/WhatsApp-Image-2025-07-17-at-12.50.40-PM-768x459.jpeg 768w, https:\/\/www.radiointeractivo.com.mx\/wp-content\/uploads\/2025\/07\/WhatsApp-Image-2025-07-17-at-12.50.40-PM.jpeg 1280w\" sizes=\"auto, (max-width: 1024px) 100vw, 1024px\" \/><\/figure>\n\n\n\n<p>Por: Staff | #NuevoLaredo #Laredo #NLD #Tamaulipas<\/p>\n\n\n\n<p>El Sistema para el Desarrollo Integral de la Familia (DIF) Nuevo Laredo realiz\u00f3 la ceremonia de clausura de los talleres de los Centros para el Desarrollo Integral de la Familia (CEDIF), en la que 200 mujeres concluyeron un a\u00f1o de formaci\u00f3n en oficios que promueven el autoempleo y el fortalecimiento de la econom\u00eda familiar.<\/p>\n\n\n\n<p>Durante el ciclo 2024-2025, las alumnas recibieron capacitaci\u00f3n en \u00e1reas como corte y confecci\u00f3n, cocina y reposter\u00eda, belleza, aplicaci\u00f3n de u\u00f1as, manualidades, globoflexia, zumba y taekwondo. Estos talleres se impartieron en los CEDIF ubicados en las colonias San Rafael, Buenos Aires y Voluntad 2.<\/p>\n\n\n\n<p>La clausura se llev\u00f3 a cabo en el Centro C\u00edvico, donde se realiz\u00f3 una exposici\u00f3n de los trabajos elaborados por las participantes, entre ellos pasteles, vestidos, decoraciones con globos y dise\u00f1os de u\u00f1as. Tambi\u00e9n se presentaron exhibiciones de actividades f\u00edsicas por parte de las alumnas, con rutinas de zumba, aerobics y taekwondo.<\/p>\n\n\n\n<p>En el evento, la presidenta del DIF, Claudette Canturosas Villarreal, reconoci\u00f3 el esfuerzo de las graduadas y destac\u00f3 la importancia de estos programas como impulsores del desarrollo personal y comunitario. \u201cCon amor y constancia han demostrado que todo es posible. Son un ejemplo de esfuerzo y perseverancia\u201d, expres\u00f3.<\/p>\n\n\n\n<p>Guadalupe Peralta, egresada del taller de u\u00f1as, agradeci\u00f3 en nombre de sus compa\u00f1eras a las instructoras y al DIF por brindar herramientas que contribuyen a mejorar su calidad de vida.<\/p>\n\n\n\n<p>Como parte de la clausura, se present\u00f3 una muestra tem\u00e1tica inspirada en las d\u00e9cadas de los 50, 70 y 90, en la que las participantes exhibieron productos alusivos a estas \u00e9pocas. Al finalizar, se ofrecieron alimentos y bebidas preparados por las propias alumnas.<\/p>\n\n\n\n<p>El evento cont\u00f3 con la presencia del director del DIF, Ing. Viviano V\u00e1zquez, y la coordinadora de los CEDIF, Sra. Mariela Ortiz Tob\u00edas, quienes destacaron la labor del personal docente de cada taller.<\/p>\n\n\n\n<p>Las inscripciones para el siguiente ciclo de talleres iniciar\u00e1n en agosto. Los CEDIF contin\u00faan siendo espacios clave para el desarrollo comunitario y el fortalecimiento de capacidades productivas en la poblaci\u00f3n.<\/p>\n","protected":false},"excerpt":{"rendered":"<p>Por: Staff | #NuevoLaredo #Laredo #NLD #Tamaulipas El Sistema para el Desarrollo Integral de la Familia (DIF) Nuevo Laredo realiz\u00f3 la ceremonia de clausura de los talleres de los Centros para el Desarrollo Integral de la Familia (CEDIF), en la que 200 mujeres concluyeron un a\u00f1o de formaci\u00f3n en oficios que promueven el autoempleo y &hellip;<\/p>\n","protected":false},"author":1,"featured_media":17340,"comment_status":"open","ping_status":"open","sticky":false,"template":"","format":"standard","meta":{"footnotes":""},"categories":[38],"tags":[],"class_list":["post-17339","post","type-post","status-publish","format-standard","has-post-thumbnail","","category-nuevo-laredo"],"_links":{"self":[{"href":"https:\/\/www.radiointeractivo.com.mx\/index.php?rest_route=\/wp\/v2\/posts\/17339","targetHints":{"allow":["GET"]}}],"collection":[{"href":"https:\/\/www.radiointeractivo.com.mx\/index.php?rest_route=\/wp\/v2\/posts"}],"about":[{"href":"https:\/\/www.radiointeractivo.com.mx\/index.php?rest_route=\/wp\/v2\/types\/post"}],"author":[{"embeddable":true,"href":"https:\/\/www.radiointeractivo.com.mx\/index.php?rest_route=\/wp\/v2\/users\/1"}],"replies":[{"embeddable":true,"href":"https:\/\/www.radiointeractivo.com.mx\/index.php?rest_route=%2Fwp%2Fv2%2Fcomments&post=17339"}],"version-history":[{"count":1,"href":"https:\/\/www.radiointeractivo.com.mx\/index.php?rest_route=\/wp\/v2\/posts\/17339\/revisions"}],"predecessor-version":[{"id":17341,"href":"https:\/\/www.radiointeractivo.com.mx\/index.php?rest_route=\/wp\/v2\/posts\/17339\/revisions\/17341"}],"wp:featuredmedia":[{"embeddable":true,"href":"https:\/\/www.radiointeractivo.com.mx\/index.php?rest_route=\/wp\/v2\/media\/17340"}],"wp:attachment":[{"href":"https:\/\/www.radiointeractivo.com.mx\/index.php?rest_route=%2Fwp%2Fv2%2Fmedia&parent=17339"}],"wp:term":[{"taxonomy":"category","embeddable":true,"href":"https:\/\/www.radiointeractivo.com.mx\/index.php?rest_route=%2Fwp%2Fv2%2Fcategories&post=17339"},{"taxonomy":"post_tag","embeddable":true,"href":"https:\/\/www.radiointeractivo.com.mx\/index.php?rest_route=%2Fwp%2Fv2%2Ftags&post=17339"}],"curies":[{"name":"wp","href":"https:\/\/api.w.org\/{rel}","templated":true}]}}