{"id":17336,"date":"2025-07-17T14:30:11","date_gmt":"2025-07-17T19:30:11","guid":{"rendered":"https:\/\/www.radiointeractivo.com.mx\/?p=17336"},"modified":"2025-07-17T14:30:13","modified_gmt":"2025-07-17T19:30:13","slug":"firman-icce-y-facultad-de-comercio-de-la-uat-convenio-para-fortalecer-desarrollo-academico-y-economico-en-nuevo-laredo","status":"publish","type":"post","link":"https:\/\/www.radiointeractivo.com.mx\/?p=17336","title":{"rendered":"Firman ICCE y Facultad de Comercio de la UAT convenio para fortalecer desarrollo acad\u00e9mico y econ\u00f3mico en Nuevo Laredo"},"content":{"rendered":"\n<figure class=\"wp-block-image size-large\"><img loading=\"lazy\" decoding=\"async\" width=\"1024\" height=\"682\" src=\"https:\/\/www.radiointeractivo.com.mx\/wp-content\/uploads\/2025\/07\/WhatsApp-Image-2025-07-17-at-11.32.06-AM-1024x682.jpeg\" alt=\"\" class=\"wp-image-17337\" srcset=\"https:\/\/www.radiointeractivo.com.mx\/wp-content\/uploads\/2025\/07\/WhatsApp-Image-2025-07-17-at-11.32.06-AM-1024x682.jpeg 1024w, https:\/\/www.radiointeractivo.com.mx\/wp-content\/uploads\/2025\/07\/WhatsApp-Image-2025-07-17-at-11.32.06-AM-300x200.jpeg 300w, https:\/\/www.radiointeractivo.com.mx\/wp-content\/uploads\/2025\/07\/WhatsApp-Image-2025-07-17-at-11.32.06-AM-768x512.jpeg 768w, https:\/\/www.radiointeractivo.com.mx\/wp-content\/uploads\/2025\/07\/WhatsApp-Image-2025-07-17-at-11.32.06-AM-1536x1023.jpeg 1536w, https:\/\/www.radiointeractivo.com.mx\/wp-content\/uploads\/2025\/07\/WhatsApp-Image-2025-07-17-at-11.32.06-AM-310x205.jpeg 310w, https:\/\/www.radiointeractivo.com.mx\/wp-content\/uploads\/2025\/07\/WhatsApp-Image-2025-07-17-at-11.32.06-AM.jpeg 1600w\" sizes=\"auto, (max-width: 1024px) 100vw, 1024px\" \/><\/figure>\n\n\n\n<p>Por: Staff | #NuevoLaredo #Laredo #NLD #Tamaulipas<\/p>\n\n\n\n<p>Con el prop\u00f3sito de impulsar el crecimiento acad\u00e9mico y econ\u00f3mico de Nuevo Laredo, el Instituto para la Competitividad y el Comercio Exterior (ICCE) y la Facultad de Comercio, Administraci\u00f3n y Ciencias Sociales de la Universidad Aut\u00f3noma de Tamaulipas (FCAyCS-UAT) formalizaron un convenio de colaboraci\u00f3n.<\/p>\n\n\n\n<p>El acuerdo fue firmado por David Alonso Mart\u00ednez Coss\u00edo, director del ICCE, y Ren\u00e9 Salinas Salinas, director de la FCAyCS-UAT. Esta alianza permitir\u00e1 desarrollar actividades conjuntas como cursos, talleres, conferencias, foros y proyectos estrat\u00e9gicos que fortalezcan la formaci\u00f3n profesional de estudiantes y profesionistas, al mismo tiempo que contribuyen al desarrollo econ\u00f3mico de la regi\u00f3n.<\/p>\n\n\n\n<p>Entre los objetivos del convenio se encuentra tambi\u00e9n el intercambio de informaci\u00f3n y experiencias entre ambas instituciones, con el fin de enriquecer las capacidades locales y fomentar una cultura de competitividad en el \u00e1mbito acad\u00e9mico y empresarial.<\/p>\n\n\n\n<p>El ICCE reconoci\u00f3 la disposici\u00f3n de la facultad para colaborar en favor del desarrollo de Nuevo Laredo, destacando que este esfuerzo se enmarca en la visi\u00f3n del Gobierno Municipal, encabezado por la alcaldesa Carmen Lilia Canturosas Villarreal, quien ha promovido alianzas institucionales como una v\u00eda para generar mayores oportunidades para la poblaci\u00f3n.<\/p>\n","protected":false},"excerpt":{"rendered":"<p>Por: Staff | #NuevoLaredo #Laredo #NLD #Tamaulipas Con el prop\u00f3sito de impulsar el crecimiento acad\u00e9mico y econ\u00f3mico de Nuevo Laredo, el Instituto para la Competitividad y el Comercio Exterior (ICCE) y la Facultad de Comercio, Administraci\u00f3n y Ciencias Sociales de la Universidad Aut\u00f3noma de Tamaulipas (FCAyCS-UAT) formalizaron un convenio de colaboraci\u00f3n. El acuerdo fue firmado &hellip;<\/p>\n","protected":false},"author":1,"featured_media":17337,"comment_status":"open","ping_status":"open","sticky":false,"template":"","format":"standard","meta":{"footnotes":""},"categories":[38],"tags":[],"class_list":["post-17336","post","type-post","status-publish","format-standard","has-post-thumbnail","","category-nuevo-laredo"],"_links":{"self":[{"href":"https:\/\/www.radiointeractivo.com.mx\/index.php?rest_route=\/wp\/v2\/posts\/17336","targetHints":{"allow":["GET"]}}],"collection":[{"href":"https:\/\/www.radiointeractivo.com.mx\/index.php?rest_route=\/wp\/v2\/posts"}],"about":[{"href":"https:\/\/www.radiointeractivo.com.mx\/index.php?rest_route=\/wp\/v2\/types\/post"}],"author":[{"embeddable":true,"href":"https:\/\/www.radiointeractivo.com.mx\/index.php?rest_route=\/wp\/v2\/users\/1"}],"replies":[{"embeddable":true,"href":"https:\/\/www.radiointeractivo.com.mx\/index.php?rest_route=%2Fwp%2Fv2%2Fcomments&post=17336"}],"version-history":[{"count":1,"href":"https:\/\/www.radiointeractivo.com.mx\/index.php?rest_route=\/wp\/v2\/posts\/17336\/revisions"}],"predecessor-version":[{"id":17338,"href":"https:\/\/www.radiointeractivo.com.mx\/index.php?rest_route=\/wp\/v2\/posts\/17336\/revisions\/17338"}],"wp:featuredmedia":[{"embeddable":true,"href":"https:\/\/www.radiointeractivo.com.mx\/index.php?rest_route=\/wp\/v2\/media\/17337"}],"wp:attachment":[{"href":"https:\/\/www.radiointeractivo.com.mx\/index.php?rest_route=%2Fwp%2Fv2%2Fmedia&parent=17336"}],"wp:term":[{"taxonomy":"category","embeddable":true,"href":"https:\/\/www.radiointeractivo.com.mx\/index.php?rest_route=%2Fwp%2Fv2%2Fcategories&post=17336"},{"taxonomy":"post_tag","embeddable":true,"href":"https:\/\/www.radiointeractivo.com.mx\/index.php?rest_route=%2Fwp%2Fv2%2Ftags&post=17336"}],"curies":[{"name":"wp","href":"https:\/\/api.w.org\/{rel}","templated":true}]}}