{"id":17333,"date":"2025-07-17T14:02:00","date_gmt":"2025-07-17T19:02:00","guid":{"rendered":"https:\/\/www.radiointeractivo.com.mx\/?p=17333"},"modified":"2025-07-17T14:02:02","modified_gmt":"2025-07-17T19:02:02","slug":"infoteca-sor-juana-ines-de-la-cruz-recibe-a-casi-700-estudiantes-en-visitas-guiadas","status":"publish","type":"post","link":"https:\/\/www.radiointeractivo.com.mx\/?p=17333","title":{"rendered":"Infoteca \u201cSor Juana In\u00e9s de la Cruz\u201d recibe a casi 700 estudiantes en visitas guiadas"},"content":{"rendered":"\n<figure class=\"wp-block-image size-large\"><img loading=\"lazy\" decoding=\"async\" width=\"1024\" height=\"768\" src=\"https:\/\/www.radiointeractivo.com.mx\/wp-content\/uploads\/2025\/07\/WhatsApp-Image-2025-07-17-at-11.31.06-AM-1024x768.jpeg\" alt=\"\" class=\"wp-image-17334\" srcset=\"https:\/\/www.radiointeractivo.com.mx\/wp-content\/uploads\/2025\/07\/WhatsApp-Image-2025-07-17-at-11.31.06-AM-1024x768.jpeg 1024w, https:\/\/www.radiointeractivo.com.mx\/wp-content\/uploads\/2025\/07\/WhatsApp-Image-2025-07-17-at-11.31.06-AM-300x225.jpeg 300w, https:\/\/www.radiointeractivo.com.mx\/wp-content\/uploads\/2025\/07\/WhatsApp-Image-2025-07-17-at-11.31.06-AM-768x576.jpeg 768w, https:\/\/www.radiointeractivo.com.mx\/wp-content\/uploads\/2025\/07\/WhatsApp-Image-2025-07-17-at-11.31.06-AM.jpeg 1280w\" sizes=\"auto, (max-width: 1024px) 100vw, 1024px\" \/><\/figure>\n\n\n\n<p>Por: Staff | #NuevoLaredo #Laredo #NLD #Tamaulipas<\/p>\n\n\n\n<p>Con el objetivo de fomentar el conocimiento, la lectura y la recreaci\u00f3n entre estudiantes de diversos niveles educativos, la Infoteca \u201cSor Juana In\u00e9s de la Cruz\u201d ha recibido un total de 693 alumnos durante visitas guiadas realizadas en los \u00faltimos d\u00edas.<\/p>\n\n\n\n<p>Estudiantes de preescolar, primaria, secundaria y preparatoria de instituciones como \u201cAlfredo V. Bonfil\u201d, \u201cRevoluci\u00f3n\u201d, \u201cMiguel F. Mart\u00ednez\u201d, \u201cCarmen U. de Rend\u00f3n\u201d, \u201cEugenio V. Villarreal\u201d, \u201cLuis Donaldo Colosio\u201d, el CONALEP, la preparatoria de la UAT y la \u201cJos\u00e9 Vasconcelos\u201d, entre otras, participaron en actividades dise\u00f1adas de acuerdo con su edad y nivel acad\u00e9mico.<\/p>\n\n\n\n<p>Las din\u00e1micas ofrecidas incluyen desde lecturas de cuentos y actividades recreativas para los m\u00e1s peque\u00f1os, hasta la proyecci\u00f3n de cortometrajes y documentales para los j\u00f3venes, adem\u00e1s de recorridos por \u00e1reas tem\u00e1ticas como la prehistoria, el ajedrez y una secci\u00f3n especial sobre discapacidad visual, donde los estudiantes interact\u00faan mediante juegos y herramientas digitales.<\/p>\n\n\n\n<p>\u201cEl objetivo es ofrecer un espacio atractivo donde la comunidad estudiantil y la ciudadan\u00eda en general puedan acceder a programas educativos y de recreaci\u00f3n que fortalecen sus habilidades cognitivas y fomentan el aprendizaje\u201d, expres\u00f3 Marcos Rodr\u00edguez Leija, coordinador de Bibliotecas.<\/p>\n\n\n\n<p>Las personas interesadas en agendar una visita guiada pueden comunicarse al tel\u00e9fono (867) 101-7523. El horario de atenci\u00f3n es de lunes a viernes de 8:00 a.m. a 8:00 p.m. y los s\u00e1bados de 8:00 a.m. a 2:00 p.m.<\/p>\n","protected":false},"excerpt":{"rendered":"<p>Por: Staff | #NuevoLaredo #Laredo #NLD #Tamaulipas Con el objetivo de fomentar el conocimiento, la lectura y la recreaci\u00f3n entre estudiantes de diversos niveles educativos, la Infoteca \u201cSor Juana In\u00e9s de la Cruz\u201d ha recibido un total de 693 alumnos durante visitas guiadas realizadas en los \u00faltimos d\u00edas. Estudiantes de preescolar, primaria, secundaria y preparatoria &hellip;<\/p>\n","protected":false},"author":1,"featured_media":17334,"comment_status":"open","ping_status":"open","sticky":false,"template":"","format":"standard","meta":{"footnotes":""},"categories":[38],"tags":[],"class_list":["post-17333","post","type-post","status-publish","format-standard","has-post-thumbnail","","category-nuevo-laredo"],"_links":{"self":[{"href":"https:\/\/www.radiointeractivo.com.mx\/index.php?rest_route=\/wp\/v2\/posts\/17333","targetHints":{"allow":["GET"]}}],"collection":[{"href":"https:\/\/www.radiointeractivo.com.mx\/index.php?rest_route=\/wp\/v2\/posts"}],"about":[{"href":"https:\/\/www.radiointeractivo.com.mx\/index.php?rest_route=\/wp\/v2\/types\/post"}],"author":[{"embeddable":true,"href":"https:\/\/www.radiointeractivo.com.mx\/index.php?rest_route=\/wp\/v2\/users\/1"}],"replies":[{"embeddable":true,"href":"https:\/\/www.radiointeractivo.com.mx\/index.php?rest_route=%2Fwp%2Fv2%2Fcomments&post=17333"}],"version-history":[{"count":1,"href":"https:\/\/www.radiointeractivo.com.mx\/index.php?rest_route=\/wp\/v2\/posts\/17333\/revisions"}],"predecessor-version":[{"id":17335,"href":"https:\/\/www.radiointeractivo.com.mx\/index.php?rest_route=\/wp\/v2\/posts\/17333\/revisions\/17335"}],"wp:featuredmedia":[{"embeddable":true,"href":"https:\/\/www.radiointeractivo.com.mx\/index.php?rest_route=\/wp\/v2\/media\/17334"}],"wp:attachment":[{"href":"https:\/\/www.radiointeractivo.com.mx\/index.php?rest_route=%2Fwp%2Fv2%2Fmedia&parent=17333"}],"wp:term":[{"taxonomy":"category","embeddable":true,"href":"https:\/\/www.radiointeractivo.com.mx\/index.php?rest_route=%2Fwp%2Fv2%2Fcategories&post=17333"},{"taxonomy":"post_tag","embeddable":true,"href":"https:\/\/www.radiointeractivo.com.mx\/index.php?rest_route=%2Fwp%2Fv2%2Ftags&post=17333"}],"curies":[{"name":"wp","href":"https:\/\/api.w.org\/{rel}","templated":true}]}}