{"id":17330,"date":"2025-07-17T13:55:01","date_gmt":"2025-07-17T18:55:01","guid":{"rendered":"https:\/\/www.radiointeractivo.com.mx\/?p=17330"},"modified":"2025-07-17T13:55:03","modified_gmt":"2025-07-17T18:55:03","slug":"aprueba-cabildo-de-nuevo-laredo-primer-periodo-vacacional-2025-para-personal-del-ayuntamiento","status":"publish","type":"post","link":"https:\/\/www.radiointeractivo.com.mx\/?p=17330","title":{"rendered":"Aprueba Cabildo de Nuevo Laredo primer periodo vacacional 2025 para personal del Ayuntamiento"},"content":{"rendered":"\n<figure class=\"wp-block-image size-large\"><img loading=\"lazy\" decoding=\"async\" width=\"1024\" height=\"684\" src=\"https:\/\/www.radiointeractivo.com.mx\/wp-content\/uploads\/2025\/07\/WhatsApp-Image-2025-07-16-at-3.49.44-PM-1024x684.jpeg\" alt=\"\" class=\"wp-image-17331\" srcset=\"https:\/\/www.radiointeractivo.com.mx\/wp-content\/uploads\/2025\/07\/WhatsApp-Image-2025-07-16-at-3.49.44-PM-1024x684.jpeg 1024w, https:\/\/www.radiointeractivo.com.mx\/wp-content\/uploads\/2025\/07\/WhatsApp-Image-2025-07-16-at-3.49.44-PM-300x200.jpeg 300w, https:\/\/www.radiointeractivo.com.mx\/wp-content\/uploads\/2025\/07\/WhatsApp-Image-2025-07-16-at-3.49.44-PM-768x513.jpeg 768w, https:\/\/www.radiointeractivo.com.mx\/wp-content\/uploads\/2025\/07\/WhatsApp-Image-2025-07-16-at-3.49.44-PM-1536x1026.jpeg 1536w, https:\/\/www.radiointeractivo.com.mx\/wp-content\/uploads\/2025\/07\/WhatsApp-Image-2025-07-16-at-3.49.44-PM.jpeg 1600w\" sizes=\"auto, (max-width: 1024px) 100vw, 1024px\" \/><\/figure>\n\n\n\n<p>Por: Staff | #NuevoLaredo #Laredo #NLD #Tamaulipas<\/p>\n\n\n\n<p>El Cabildo de Nuevo Laredo autoriz\u00f3 de manera oficial el primer periodo vacacional 2025 para el personal del Ayuntamiento, el cual se llevar\u00e1 a cabo del lunes 21 de julio al viernes 1 de agosto, reanudando actividades el lunes 4 de agosto. La decisi\u00f3n fue aprobada en sesi\u00f3n encabezada por la alcaldesa Carmen Lilia Canturosas Villarreal.<\/p>\n\n\n\n<p>La medida busca armonizar las actividades administrativas del gobierno municipal con los calendarios del Gobierno del Estado, la administraci\u00f3n federal y los Tribunales de Justicia Administrativa, con el objetivo de mantener una coordinaci\u00f3n efectiva entre instancias y facilitar la atenci\u00f3n de tr\u00e1mites interinstitucionales.<\/p>\n\n\n\n<p>Durante este periodo no correr\u00e1n los plazos ni t\u00e9rminos legales relacionados con tr\u00e1mites o procedimientos administrativos, conforme a lo establecido por las disposiciones jur\u00eddicas vigentes.<\/p>\n\n\n\n<p>La presidenta municipal destac\u00f3 que, pese al receso administrativo, se garantizar\u00e1 la atenci\u00f3n ciudadana a trav\u00e9s de guardias operativas, instruidas en cada dependencia para asegurar la prestaci\u00f3n de servicios esenciales.<\/p>\n\n\n\n<p>\u201cEsta medida nos permite mantener una alineaci\u00f3n institucional sin descuidar a la ciudadan\u00eda. Las \u00e1reas operativas seguir\u00e1n brindando atenci\u00f3n mediante guardias y respetando los derechos laborales del personal que se mantenga en funciones\u201d, se\u00f1al\u00f3 Canturosas Villarreal.<\/p>\n\n\n\n<p>Entre las dependencias que mantendr\u00e1n guardias se encuentran Obras P\u00fablicas, Servicios P\u00fablicos Primarios, CIGA y COMAPA, entre otras, con el objetivo de continuar la atenci\u00f3n de reportes ciudadanos y labores de mantenimiento en la ciudad.<\/p>\n","protected":false},"excerpt":{"rendered":"<p>Por: Staff | #NuevoLaredo #Laredo #NLD #Tamaulipas El Cabildo de Nuevo Laredo autoriz\u00f3 de manera oficial el primer periodo vacacional 2025 para el personal del Ayuntamiento, el cual se llevar\u00e1 a cabo del lunes 21 de julio al viernes 1 de agosto, reanudando actividades el lunes 4 de agosto. La decisi\u00f3n fue aprobada en sesi\u00f3n &hellip;<\/p>\n","protected":false},"author":1,"featured_media":17331,"comment_status":"open","ping_status":"open","sticky":false,"template":"","format":"standard","meta":{"footnotes":""},"categories":[38],"tags":[],"class_list":["post-17330","post","type-post","status-publish","format-standard","has-post-thumbnail","","category-nuevo-laredo"],"_links":{"self":[{"href":"https:\/\/www.radiointeractivo.com.mx\/index.php?rest_route=\/wp\/v2\/posts\/17330","targetHints":{"allow":["GET"]}}],"collection":[{"href":"https:\/\/www.radiointeractivo.com.mx\/index.php?rest_route=\/wp\/v2\/posts"}],"about":[{"href":"https:\/\/www.radiointeractivo.com.mx\/index.php?rest_route=\/wp\/v2\/types\/post"}],"author":[{"embeddable":true,"href":"https:\/\/www.radiointeractivo.com.mx\/index.php?rest_route=\/wp\/v2\/users\/1"}],"replies":[{"embeddable":true,"href":"https:\/\/www.radiointeractivo.com.mx\/index.php?rest_route=%2Fwp%2Fv2%2Fcomments&post=17330"}],"version-history":[{"count":1,"href":"https:\/\/www.radiointeractivo.com.mx\/index.php?rest_route=\/wp\/v2\/posts\/17330\/revisions"}],"predecessor-version":[{"id":17332,"href":"https:\/\/www.radiointeractivo.com.mx\/index.php?rest_route=\/wp\/v2\/posts\/17330\/revisions\/17332"}],"wp:featuredmedia":[{"embeddable":true,"href":"https:\/\/www.radiointeractivo.com.mx\/index.php?rest_route=\/wp\/v2\/media\/17331"}],"wp:attachment":[{"href":"https:\/\/www.radiointeractivo.com.mx\/index.php?rest_route=%2Fwp%2Fv2%2Fmedia&parent=17330"}],"wp:term":[{"taxonomy":"category","embeddable":true,"href":"https:\/\/www.radiointeractivo.com.mx\/index.php?rest_route=%2Fwp%2Fv2%2Fcategories&post=17330"},{"taxonomy":"post_tag","embeddable":true,"href":"https:\/\/www.radiointeractivo.com.mx\/index.php?rest_route=%2Fwp%2Fv2%2Ftags&post=17330"}],"curies":[{"name":"wp","href":"https:\/\/api.w.org\/{rel}","templated":true}]}}