{"id":17316,"date":"2025-07-16T15:45:48","date_gmt":"2025-07-16T20:45:48","guid":{"rendered":"https:\/\/www.radiointeractivo.com.mx\/?p=17316"},"modified":"2025-07-16T15:45:50","modified_gmt":"2025-07-16T20:45:50","slug":"guardia-nacional-ofrece-exhibicion-de-toques-de-ordenanza-en-la-explanada-de-presidencia-municipal","status":"publish","type":"post","link":"https:\/\/www.radiointeractivo.com.mx\/?p=17316","title":{"rendered":"Guardia Nacional ofrece exhibici\u00f3n de toques de ordenanza en la explanada de Presidencia Municipal"},"content":{"rendered":"\n<figure class=\"wp-block-image size-large\"><img loading=\"lazy\" decoding=\"async\" width=\"1024\" height=\"685\" src=\"https:\/\/www.radiointeractivo.com.mx\/wp-content\/uploads\/2025\/07\/WhatsApp-Image-2025-07-16-at-2.31.29-PM-1024x685.jpeg\" alt=\"\" class=\"wp-image-17317\" srcset=\"https:\/\/www.radiointeractivo.com.mx\/wp-content\/uploads\/2025\/07\/WhatsApp-Image-2025-07-16-at-2.31.29-PM-1024x685.jpeg 1024w, https:\/\/www.radiointeractivo.com.mx\/wp-content\/uploads\/2025\/07\/WhatsApp-Image-2025-07-16-at-2.31.29-PM-300x201.jpeg 300w, https:\/\/www.radiointeractivo.com.mx\/wp-content\/uploads\/2025\/07\/WhatsApp-Image-2025-07-16-at-2.31.29-PM-768x514.jpeg 768w, https:\/\/www.radiointeractivo.com.mx\/wp-content\/uploads\/2025\/07\/WhatsApp-Image-2025-07-16-at-2.31.29-PM-1536x1027.jpeg 1536w, https:\/\/www.radiointeractivo.com.mx\/wp-content\/uploads\/2025\/07\/WhatsApp-Image-2025-07-16-at-2.31.29-PM-110x75.jpeg 110w, https:\/\/www.radiointeractivo.com.mx\/wp-content\/uploads\/2025\/07\/WhatsApp-Image-2025-07-16-at-2.31.29-PM.jpeg 1600w\" sizes=\"auto, (max-width: 1024px) 100vw, 1024px\" \/><\/figure>\n\n\n\n<p>Por: Staff | #NuevoLaredo #Laredo #NLD #Tamaulipas<\/p>\n\n\n\n<p>Nuevo Laredo, Tam.\u2013 La Banda de Guerra de la Coordinaci\u00f3n Estatal \u201cTamaulipas\u201d de la Guardia Nacional present\u00f3 la tarde del martes 15 de julio una exhibici\u00f3n de toques de ordenanza en la explanada de la Presidencia Municipal, como parte de una actividad c\u00edvica y cultural abierta al p\u00fablico.<\/p>\n\n\n\n<p>El evento inici\u00f3 a las 18:00 horas y cont\u00f3 con la participaci\u00f3n de elementos que interpretaron toques de Ordenanza y de Campa\u00f1a, adem\u00e1s de marchas militares. La demostraci\u00f3n destac\u00f3 por su disciplina, precisi\u00f3n y coordinaci\u00f3n, cualidades que caracterizan a la instituci\u00f3n.<\/p>\n\n\n\n<p>Esta actividad forma parte de los esfuerzos institucionales por fortalecer los lazos entre la ciudadan\u00eda y las corporaciones de seguridad, promoviendo valores patrios y fomentando la convivencia en un ambiente de respeto y civilidad.<\/p>\n","protected":false},"excerpt":{"rendered":"<p>Por: Staff | #NuevoLaredo #Laredo #NLD #Tamaulipas Nuevo Laredo, Tam.\u2013 La Banda de Guerra de la Coordinaci\u00f3n Estatal \u201cTamaulipas\u201d de la Guardia Nacional present\u00f3 la tarde del martes 15 de julio una exhibici\u00f3n de toques de ordenanza en la explanada de la Presidencia Municipal, como parte de una actividad c\u00edvica y cultural abierta al p\u00fablico. &hellip;<\/p>\n","protected":false},"author":1,"featured_media":17318,"comment_status":"open","ping_status":"open","sticky":false,"template":"","format":"standard","meta":{"footnotes":""},"categories":[38],"tags":[],"class_list":["post-17316","post","type-post","status-publish","format-standard","has-post-thumbnail","","category-nuevo-laredo"],"_links":{"self":[{"href":"https:\/\/www.radiointeractivo.com.mx\/index.php?rest_route=\/wp\/v2\/posts\/17316","targetHints":{"allow":["GET"]}}],"collection":[{"href":"https:\/\/www.radiointeractivo.com.mx\/index.php?rest_route=\/wp\/v2\/posts"}],"about":[{"href":"https:\/\/www.radiointeractivo.com.mx\/index.php?rest_route=\/wp\/v2\/types\/post"}],"author":[{"embeddable":true,"href":"https:\/\/www.radiointeractivo.com.mx\/index.php?rest_route=\/wp\/v2\/users\/1"}],"replies":[{"embeddable":true,"href":"https:\/\/www.radiointeractivo.com.mx\/index.php?rest_route=%2Fwp%2Fv2%2Fcomments&post=17316"}],"version-history":[{"count":1,"href":"https:\/\/www.radiointeractivo.com.mx\/index.php?rest_route=\/wp\/v2\/posts\/17316\/revisions"}],"predecessor-version":[{"id":17319,"href":"https:\/\/www.radiointeractivo.com.mx\/index.php?rest_route=\/wp\/v2\/posts\/17316\/revisions\/17319"}],"wp:featuredmedia":[{"embeddable":true,"href":"https:\/\/www.radiointeractivo.com.mx\/index.php?rest_route=\/wp\/v2\/media\/17318"}],"wp:attachment":[{"href":"https:\/\/www.radiointeractivo.com.mx\/index.php?rest_route=%2Fwp%2Fv2%2Fmedia&parent=17316"}],"wp:term":[{"taxonomy":"category","embeddable":true,"href":"https:\/\/www.radiointeractivo.com.mx\/index.php?rest_route=%2Fwp%2Fv2%2Fcategories&post=17316"},{"taxonomy":"post_tag","embeddable":true,"href":"https:\/\/www.radiointeractivo.com.mx\/index.php?rest_route=%2Fwp%2Fv2%2Ftags&post=17316"}],"curies":[{"name":"wp","href":"https:\/\/api.w.org\/{rel}","templated":true}]}}