{"id":17312,"date":"2025-07-16T15:22:09","date_gmt":"2025-07-16T20:22:09","guid":{"rendered":"https:\/\/www.radiointeractivo.com.mx\/?p=17312"},"modified":"2025-07-16T15:22:11","modified_gmt":"2025-07-16T20:22:11","slug":"carmen-lilia-canturosas-impulsa-historico-cambio-en-el-transporte-publico-de-la-ciudad","status":"publish","type":"post","link":"https:\/\/www.radiointeractivo.com.mx\/?p=17312","title":{"rendered":"CARMEN LILIA CANTUROSAS IMPULSA HIST\u00d3RICO CAMBIO EN EL TRANSPORTE P\u00daBLICO DE LA CIUDAD"},"content":{"rendered":"\n<figure class=\"wp-block-image size-large\"><img loading=\"lazy\" decoding=\"async\" width=\"1024\" height=\"683\" src=\"https:\/\/www.radiointeractivo.com.mx\/wp-content\/uploads\/2025\/07\/WhatsApp-Image-2025-07-16-at-1.22.11-PM-1024x683.jpeg\" alt=\"\" class=\"wp-image-17313\" srcset=\"https:\/\/www.radiointeractivo.com.mx\/wp-content\/uploads\/2025\/07\/WhatsApp-Image-2025-07-16-at-1.22.11-PM-1024x683.jpeg 1024w, https:\/\/www.radiointeractivo.com.mx\/wp-content\/uploads\/2025\/07\/WhatsApp-Image-2025-07-16-at-1.22.11-PM-300x200.jpeg 300w, https:\/\/www.radiointeractivo.com.mx\/wp-content\/uploads\/2025\/07\/WhatsApp-Image-2025-07-16-at-1.22.11-PM-768x512.jpeg 768w, https:\/\/www.radiointeractivo.com.mx\/wp-content\/uploads\/2025\/07\/WhatsApp-Image-2025-07-16-at-1.22.11-PM-1536x1024.jpeg 1536w, https:\/\/www.radiointeractivo.com.mx\/wp-content\/uploads\/2025\/07\/WhatsApp-Image-2025-07-16-at-1.22.11-PM.jpeg 1600w\" sizes=\"auto, (max-width: 1024px) 100vw, 1024px\" \/><\/figure>\n\n\n\n<p>Por: Staff | #NuevoLaredo #Laredo #NLD #Tamaulipas<\/p>\n\n\n\n<p>En un hecho sin precedentes para la movilidad urbana de la ciudad, la alcaldesa Carmen Lilia Canturosas Villarreal encabez\u00f3 la firma del Convenio para la Modernizaci\u00f3n, Coordinaci\u00f3n y Mejoramiento del Servicio P\u00fablico de Transporte Urbano de Pasajeros, un acuerdo que sienta las bases para transformar integralmente el sistema de transporte p\u00fablico en beneficio de miles de neolaredenses.<\/p>\n\n\n\n<p>La ceremonia, realizada en la Sala de Cabildo \u201cNi\u00f1os H\u00e9roes\u201d, reuni\u00f3 a los principales concesionarios del transporte p\u00fablico, quienes manifestaron su respaldo total a esta iniciativa del Gobierno Municipal, con el compromiso de ofrecer un servicio m\u00e1s eficiente, digno y accesible.<\/p>\n\n\n\n<p>\u201cPara nosotros es de mucha satisfacci\u00f3n anunciarles a los ciudadanos que a partir de agosto los camiones van a llegar a nuestra localidad, van a dar un mejor servicio a las colonias, derivado de la firma de este convenio vamos a tener 110 unidades reactivando tres rutas principales que ser\u00e1n operadas por unidades tipo Van modelo 2025 que son la 5 Colonias, Viveros &#8211; Victoria y Nueva Era &#8211; Voluntad. Como le decimos a los concesionarios; no olviden que estamos disponiendo de este recurso para el subsidio de diesel y que pudo haberse destinado a la obra p\u00fablica y lo estamos haciendo hacia ellos para que le den un mejor servicio a los ciudadanos \u201d, enfatiz\u00f3 la alcaldesa.<\/p>\n\n\n\n<p>La alcaldesa record\u00f3 que en junio pasado, el Cabildo aprob\u00f3 por unanimidad un subsidio en especie destinado a abastecer de di\u00e9sel a las unidades de transporte p\u00fablico, como parte de una inversi\u00f3n hist\u00f3rica de 30 millones de pesos, con el objetivo de facilitar la renovaci\u00f3n de unidades y mejorar el servicio.<\/p>\n\n\n\n<p>Canturosas Villarreal tambi\u00e9n destac\u00f3 la colaboraci\u00f3n con el Gobierno del Estado que encabeza Am\u00e9rico Villarreal Anaya, subrayando que esta relaci\u00f3n de trabajo conjunto ha sido clave para impulsar proyectos que fortalezcan los servicios p\u00fablicos esenciales.<\/p>\n\n\n\n<p>El convenio fue firmado por los concesionarios Jaime Hern\u00e1ndez Gonz\u00e1lez, Miguel \u00c1ngel V\u00e1zquez Lozano, Flavio Zamudio Mungia, Juan Jos\u00e9 Saenz, Roberto Lozano Garc\u00eda, Jos\u00e9 Rodr\u00edguez de la Cruz, Sergio G\u00f3mez Garc\u00eda y Jorge Serna Esparza.<\/p>\n\n\n\n<p>\u201cLa firma de este convenio representa m\u00e1s que un apoyo econ\u00f3mico, es una muestra de voluntad pol\u00edtica y social que reconoce nuestra labor y nos motiva a mejorar en nuestro servicio en favor de la gente de Nuevo Laredo, este es el primer paso a una transformaci\u00f3n m\u00e1s amplia en donde el transporte p\u00fablico sea cada vez m\u00e1s digno, seguro, moderno y accesible para todos\u201d, se\u00f1al\u00f3 el concesionario, Jorge Serna Esparza.<\/p>\n\n\n\n<p>Dicho convenio tiene como meta principal la eficiencia y modernizaci\u00f3n del sistema de transporte urbano, mediante acciones estrat\u00e9gicas como, ampliaci\u00f3n de rutas y cobertura en sectores clave de la ciudad, \u2060aumento del n\u00famero de unidades en circulaci\u00f3n, renovaci\u00f3n gradual del parque vehicular, mejora en la puntualidad, accesibilidad y calidad del servicio<\/p>\n\n\n\n<p>Adem\u00e1s, se busca garantizar un uso m\u00e1s eficiente de los recursos p\u00fablicos y privados, asegurando que los beneficios lleguen directamente a los ciudadanos.<\/p>\n\n\n\n<p>Con esta medida, el Gobierno Municipal refrenda su compromiso con la movilidad urbana como un eje clave para el desarrollo econ\u00f3mico y social de Nuevo Laredo. Se espera que, con la implementaci\u00f3n del convenio, los ciudadanos cuenten con un transporte m\u00e1s puntual, c\u00f3modo y eficiente, que les permita llegar a tiempo a sus trabajos, escuelas y hogares.<\/p>\n\n\n\n<p>La firma de este convenio es el resultado de un esfuerzo coordinado entre autoridades municipales y concesionarios, quienes han demostrado voluntad y responsabilidad social al sumarse a este proyecto de transformaci\u00f3n.<\/p>\n","protected":false},"excerpt":{"rendered":"<p>Por: Staff | #NuevoLaredo #Laredo #NLD #Tamaulipas En un hecho sin precedentes para la movilidad urbana de la ciudad, la alcaldesa Carmen Lilia Canturosas Villarreal encabez\u00f3 la firma del Convenio para la Modernizaci\u00f3n, Coordinaci\u00f3n y Mejoramiento del Servicio P\u00fablico de Transporte Urbano de Pasajeros, un acuerdo que sienta las bases para transformar integralmente el sistema &hellip;<\/p>\n","protected":false},"author":1,"featured_media":17314,"comment_status":"open","ping_status":"open","sticky":false,"template":"","format":"standard","meta":{"footnotes":""},"categories":[38],"tags":[],"class_list":["post-17312","post","type-post","status-publish","format-standard","has-post-thumbnail","","category-nuevo-laredo"],"_links":{"self":[{"href":"https:\/\/www.radiointeractivo.com.mx\/index.php?rest_route=\/wp\/v2\/posts\/17312","targetHints":{"allow":["GET"]}}],"collection":[{"href":"https:\/\/www.radiointeractivo.com.mx\/index.php?rest_route=\/wp\/v2\/posts"}],"about":[{"href":"https:\/\/www.radiointeractivo.com.mx\/index.php?rest_route=\/wp\/v2\/types\/post"}],"author":[{"embeddable":true,"href":"https:\/\/www.radiointeractivo.com.mx\/index.php?rest_route=\/wp\/v2\/users\/1"}],"replies":[{"embeddable":true,"href":"https:\/\/www.radiointeractivo.com.mx\/index.php?rest_route=%2Fwp%2Fv2%2Fcomments&post=17312"}],"version-history":[{"count":1,"href":"https:\/\/www.radiointeractivo.com.mx\/index.php?rest_route=\/wp\/v2\/posts\/17312\/revisions"}],"predecessor-version":[{"id":17315,"href":"https:\/\/www.radiointeractivo.com.mx\/index.php?rest_route=\/wp\/v2\/posts\/17312\/revisions\/17315"}],"wp:featuredmedia":[{"embeddable":true,"href":"https:\/\/www.radiointeractivo.com.mx\/index.php?rest_route=\/wp\/v2\/media\/17314"}],"wp:attachment":[{"href":"https:\/\/www.radiointeractivo.com.mx\/index.php?rest_route=%2Fwp%2Fv2%2Fmedia&parent=17312"}],"wp:term":[{"taxonomy":"category","embeddable":true,"href":"https:\/\/www.radiointeractivo.com.mx\/index.php?rest_route=%2Fwp%2Fv2%2Fcategories&post=17312"},{"taxonomy":"post_tag","embeddable":true,"href":"https:\/\/www.radiointeractivo.com.mx\/index.php?rest_route=%2Fwp%2Fv2%2Ftags&post=17312"}],"curies":[{"name":"wp","href":"https:\/\/api.w.org\/{rel}","templated":true}]}}