{"id":17304,"date":"2025-07-15T15:15:13","date_gmt":"2025-07-15T20:15:13","guid":{"rendered":"https:\/\/www.radiointeractivo.com.mx\/?p=17304"},"modified":"2025-07-15T15:15:15","modified_gmt":"2025-07-15T20:15:15","slug":"dif-nuevo-laredo-entrega-61-aparatos-funcionales-para-mejorar-la-calidad-de-vida-de-personas-con-discapacidad","status":"publish","type":"post","link":"https:\/\/www.radiointeractivo.com.mx\/?p=17304","title":{"rendered":"DIF Nuevo Laredo entrega 61 aparatos funcionales para mejorar la calidad de vida de personas con discapacidad"},"content":{"rendered":"\n<figure class=\"wp-block-image size-large\"><img loading=\"lazy\" decoding=\"async\" width=\"1024\" height=\"504\" src=\"https:\/\/www.radiointeractivo.com.mx\/wp-content\/uploads\/2025\/07\/WhatsApp-Image-2025-07-15-at-2.24.01-PM-1024x504.jpeg\" alt=\"\" class=\"wp-image-17305\" srcset=\"https:\/\/www.radiointeractivo.com.mx\/wp-content\/uploads\/2025\/07\/WhatsApp-Image-2025-07-15-at-2.24.01-PM-1024x504.jpeg 1024w, https:\/\/www.radiointeractivo.com.mx\/wp-content\/uploads\/2025\/07\/WhatsApp-Image-2025-07-15-at-2.24.01-PM-300x148.jpeg 300w, https:\/\/www.radiointeractivo.com.mx\/wp-content\/uploads\/2025\/07\/WhatsApp-Image-2025-07-15-at-2.24.01-PM-768x378.jpeg 768w, https:\/\/www.radiointeractivo.com.mx\/wp-content\/uploads\/2025\/07\/WhatsApp-Image-2025-07-15-at-2.24.01-PM.jpeg 1280w\" sizes=\"auto, (max-width: 1024px) 100vw, 1024px\" \/><\/figure>\n\n\n\n<p>Por: Staff | #NuevoLaredo #Laredo #NLD #Tamaulipas<\/p>\n\n\n\n<p>Nuevo Laredo, Tam.\u2013 Con el objetivo de mejorar la movilidad, autonom\u00eda e inclusi\u00f3n de personas en situaci\u00f3n vulnerable, el Sistema para el Desarrollo Integral de la Familia (DIF) de Nuevo Laredo entreg\u00f3 un total de 61 aparatos funcionales, como sillas de ruedas, andadores y sillas PCI, a personas con discapacidad, en su mayor\u00eda adultos mayores.<\/p>\n\n\n\n<p>La entrega se realiz\u00f3 en un evento llevado a cabo en las instalaciones del Centro de Rehabilitaci\u00f3n Integral (CRI), donde 24 adultos fueron beneficiados directamente con sillas de ruedas y andadores. El resto de los apoyos han sido otorgados a trav\u00e9s de visitas domiciliarias y brigadas del Gobierno Municipal.<\/p>\n\n\n\n<p>\u201cEstos aparatos son una herramienta para que cada uno de ustedes pueda vivir con mayor independencia y dignidad. En el Sistema DIF sabemos que lo m\u00e1s valioso son ustedes y sus familias. Esta entrega es un paso m\u00e1s en el camino que recorremos juntos, con esperanza y amor. Juntos lo hacemos posible y seguiremos tocando corazones\u201d, expres\u00f3 Claudette Canturosas Villarreal, presidenta del Sistema DIF, quien destac\u00f3 que estas acciones cuentan con el respaldo del Gobierno Municipal, encabezado por Carmen Lilia Canturosas Villarreal.<\/p>\n\n\n\n<p>Las historias de quienes recibieron los apoyos reflejaron el impacto emocional y pr\u00e1ctico de esta iniciativa. Silvia Nicol\u00e1s Cort\u00e9s, hija de la se\u00f1ora Cirenia, comparti\u00f3:<br>&#8220;Me siento muy feliz y agradecida. No ten\u00edamos los recursos para comprar una silla de ruedas, y gracias a este apoyo ahora mi mam\u00e1 tendr\u00e1 m\u00e1s libertad y comodidad. Gracias a la presidenta del DIF por pensar en nosotros.&#8221;<\/p>\n\n\n\n<p>Por su parte, H\u00e9ctor Guti\u00e9rrez Torres, tambi\u00e9n beneficiario, coment\u00f3:<br>&#8220;Esto significa mucho para m\u00ed. Habemos muchas personas que necesit\u00e1bamos esta ayuda, y hoy me siento muy agradecido y bendecido.&#8221;<\/p>\n\n\n\n<p>Mar\u00eda del Socorro Cardiel V\u00e1zquez tambi\u00e9n expres\u00f3 su gratitud:<br>&#8220;Me siento muy bien con la atenci\u00f3n que nos brindaron. Hoy tengo mi sillita de ruedas y estoy muy agradecida con el DIF y la presidenta municipal.&#8221;<\/p>\n\n\n\n<p>Los beneficiarios fueron atendidos previamente en el \u00e1rea de Trabajo Social del DIF, donde se aplicaron estudios socioecon\u00f3micos para identificar casos prioritarios. Este procedimiento garantiza que los apoyos se destinen a quienes m\u00e1s los necesitan.<\/p>\n\n\n\n<p>Con estas acciones, el Gobierno Municipal y el Sistema DIF reafirman su compromiso de trabajar por una ciudad m\u00e1s solidaria e incluyente, brindando herramientas que transforman la vida de quienes enfrentan una discapacidad y fortalecen el tejido social en Nuevo Laredo.<\/p>\n","protected":false},"excerpt":{"rendered":"<p>Por: Staff | #NuevoLaredo #Laredo #NLD #Tamaulipas Nuevo Laredo, Tam.\u2013 Con el objetivo de mejorar la movilidad, autonom\u00eda e inclusi\u00f3n de personas en situaci\u00f3n vulnerable, el Sistema para el Desarrollo Integral de la Familia (DIF) de Nuevo Laredo entreg\u00f3 un total de 61 aparatos funcionales, como sillas de ruedas, andadores y sillas PCI, a personas &hellip;<\/p>\n","protected":false},"author":1,"featured_media":17305,"comment_status":"open","ping_status":"open","sticky":false,"template":"","format":"standard","meta":{"footnotes":""},"categories":[38],"tags":[],"class_list":["post-17304","post","type-post","status-publish","format-standard","has-post-thumbnail","","category-nuevo-laredo"],"_links":{"self":[{"href":"https:\/\/www.radiointeractivo.com.mx\/index.php?rest_route=\/wp\/v2\/posts\/17304","targetHints":{"allow":["GET"]}}],"collection":[{"href":"https:\/\/www.radiointeractivo.com.mx\/index.php?rest_route=\/wp\/v2\/posts"}],"about":[{"href":"https:\/\/www.radiointeractivo.com.mx\/index.php?rest_route=\/wp\/v2\/types\/post"}],"author":[{"embeddable":true,"href":"https:\/\/www.radiointeractivo.com.mx\/index.php?rest_route=\/wp\/v2\/users\/1"}],"replies":[{"embeddable":true,"href":"https:\/\/www.radiointeractivo.com.mx\/index.php?rest_route=%2Fwp%2Fv2%2Fcomments&post=17304"}],"version-history":[{"count":1,"href":"https:\/\/www.radiointeractivo.com.mx\/index.php?rest_route=\/wp\/v2\/posts\/17304\/revisions"}],"predecessor-version":[{"id":17306,"href":"https:\/\/www.radiointeractivo.com.mx\/index.php?rest_route=\/wp\/v2\/posts\/17304\/revisions\/17306"}],"wp:featuredmedia":[{"embeddable":true,"href":"https:\/\/www.radiointeractivo.com.mx\/index.php?rest_route=\/wp\/v2\/media\/17305"}],"wp:attachment":[{"href":"https:\/\/www.radiointeractivo.com.mx\/index.php?rest_route=%2Fwp%2Fv2%2Fmedia&parent=17304"}],"wp:term":[{"taxonomy":"category","embeddable":true,"href":"https:\/\/www.radiointeractivo.com.mx\/index.php?rest_route=%2Fwp%2Fv2%2Fcategories&post=17304"},{"taxonomy":"post_tag","embeddable":true,"href":"https:\/\/www.radiointeractivo.com.mx\/index.php?rest_route=%2Fwp%2Fv2%2Ftags&post=17304"}],"curies":[{"name":"wp","href":"https:\/\/api.w.org\/{rel}","templated":true}]}}