{"id":17298,"date":"2025-07-15T14:43:11","date_gmt":"2025-07-15T19:43:11","guid":{"rendered":"https:\/\/www.radiointeractivo.com.mx\/?p=17298"},"modified":"2025-07-15T14:43:13","modified_gmt":"2025-07-15T19:43:13","slug":"reconoce-gobierno-municipal-a-jovenes-que-concluyeron-estudios-mediante-programas-del-imjuve","status":"publish","type":"post","link":"https:\/\/www.radiointeractivo.com.mx\/?p=17298","title":{"rendered":"Reconoce Gobierno Municipal a j\u00f3venes que concluyeron estudios mediante programas del IMJUVE"},"content":{"rendered":"\n<figure class=\"wp-block-image size-large\"><img loading=\"lazy\" decoding=\"async\" width=\"1024\" height=\"684\" src=\"https:\/\/www.radiointeractivo.com.mx\/wp-content\/uploads\/2025\/07\/WhatsApp-Image-2025-07-15-at-11.15.37-AM-1-1024x684.jpeg\" alt=\"\" class=\"wp-image-17299\" srcset=\"https:\/\/www.radiointeractivo.com.mx\/wp-content\/uploads\/2025\/07\/WhatsApp-Image-2025-07-15-at-11.15.37-AM-1-1024x684.jpeg 1024w, https:\/\/www.radiointeractivo.com.mx\/wp-content\/uploads\/2025\/07\/WhatsApp-Image-2025-07-15-at-11.15.37-AM-1-300x200.jpeg 300w, https:\/\/www.radiointeractivo.com.mx\/wp-content\/uploads\/2025\/07\/WhatsApp-Image-2025-07-15-at-11.15.37-AM-1-768x513.jpeg 768w, https:\/\/www.radiointeractivo.com.mx\/wp-content\/uploads\/2025\/07\/WhatsApp-Image-2025-07-15-at-11.15.37-AM-1-1536x1026.jpeg 1536w, https:\/\/www.radiointeractivo.com.mx\/wp-content\/uploads\/2025\/07\/WhatsApp-Image-2025-07-15-at-11.15.37-AM-1.jpeg 1600w\" sizes=\"auto, (max-width: 1024px) 100vw, 1024px\" \/><\/figure>\n\n\n\n<p>Por: Staff | #NuevoLaredo #Laredo #NLD #Tamaulipas<\/p>\n\n\n\n<p>Nuevo Laredo, Tam.\u2013 Un total de 94 j\u00f3venes neolaredenses concluyeron su formaci\u00f3n acad\u00e9mica y capacitaci\u00f3n profesional gracias al programa \u201cAlianza Joven\u201d, impulsado por el Gobierno Municipal de Nuevo Laredo a trav\u00e9s del Instituto Municipal para el Desarrollo de la Juventud (IMJUVE).<\/p>\n\n\n\n<p>Durante una emotiva ceremonia de clausura, autoridades municipales reconocieron el esfuerzo de los participantes, quienes accedieron a oportunidades educativas mediante convenios establecidos con distintas instituciones, como parte del compromiso por brindar igualdad de oportunidades y desarrollo integral a la juventud.<\/p>\n\n\n\n<p>Entre los logros alcanzados destacan:<\/p>\n\n\n\n<p>22 j\u00f3venes concluyeron su educaci\u00f3n secundaria en menos de cinco meses gracias al convenio con el Instituto Tamaulipeco de Educaci\u00f3n para Adultos (ITEA).<\/p>\n\n\n\n<p>20 j\u00f3venes mayores de 18 a\u00f1os finalizaron la preparatoria en tan solo nueve semanas mediante un acuerdo con el Instituto Conexi\u00f3n Educativa.<\/p>\n\n\n\n<p>52 j\u00f3venes completaron cursos de ingl\u00e9s en niveles b\u00e1sico, intermedio y avanzado, convirti\u00e9ndose en la primera generaci\u00f3n en obtener certificaci\u00f3n oficial de la SEP a trav\u00e9s del convenio con el CECATI 193.<\/p>\n\n\n\n<p>Durante el evento tambi\u00e9n se reconoci\u00f3 la labor de docentes y del personal del IMJUVE, quienes acompa\u00f1aron a los estudiantes durante su formaci\u00f3n.<\/p>\n\n\n\n<p>El programa \u201cAlianza Joven\u201d ha permitido fortalecer v\u00ednculos con instituciones educativas para ampliar la cobertura y el acceso a la educaci\u00f3n para las y los j\u00f3venes de la ciudad.<\/p>\n\n\n\n<p>Con estas acciones, el Gobierno Municipal reafirma su compromiso de construir un Nuevo Laredo con m\u00e1s educaci\u00f3n, m\u00e1s oportunidades y un mejor futuro para su juventud.<\/p>\n","protected":false},"excerpt":{"rendered":"<p>Por: Staff | #NuevoLaredo #Laredo #NLD #Tamaulipas Nuevo Laredo, Tam.\u2013 Un total de 94 j\u00f3venes neolaredenses concluyeron su formaci\u00f3n acad\u00e9mica y capacitaci\u00f3n profesional gracias al programa \u201cAlianza Joven\u201d, impulsado por el Gobierno Municipal de Nuevo Laredo a trav\u00e9s del Instituto Municipal para el Desarrollo de la Juventud (IMJUVE). Durante una emotiva ceremonia de clausura, autoridades &hellip;<\/p>\n","protected":false},"author":1,"featured_media":17299,"comment_status":"open","ping_status":"open","sticky":false,"template":"","format":"standard","meta":{"footnotes":""},"categories":[38],"tags":[],"class_list":["post-17298","post","type-post","status-publish","format-standard","has-post-thumbnail","","category-nuevo-laredo"],"_links":{"self":[{"href":"https:\/\/www.radiointeractivo.com.mx\/index.php?rest_route=\/wp\/v2\/posts\/17298","targetHints":{"allow":["GET"]}}],"collection":[{"href":"https:\/\/www.radiointeractivo.com.mx\/index.php?rest_route=\/wp\/v2\/posts"}],"about":[{"href":"https:\/\/www.radiointeractivo.com.mx\/index.php?rest_route=\/wp\/v2\/types\/post"}],"author":[{"embeddable":true,"href":"https:\/\/www.radiointeractivo.com.mx\/index.php?rest_route=\/wp\/v2\/users\/1"}],"replies":[{"embeddable":true,"href":"https:\/\/www.radiointeractivo.com.mx\/index.php?rest_route=%2Fwp%2Fv2%2Fcomments&post=17298"}],"version-history":[{"count":1,"href":"https:\/\/www.radiointeractivo.com.mx\/index.php?rest_route=\/wp\/v2\/posts\/17298\/revisions"}],"predecessor-version":[{"id":17300,"href":"https:\/\/www.radiointeractivo.com.mx\/index.php?rest_route=\/wp\/v2\/posts\/17298\/revisions\/17300"}],"wp:featuredmedia":[{"embeddable":true,"href":"https:\/\/www.radiointeractivo.com.mx\/index.php?rest_route=\/wp\/v2\/media\/17299"}],"wp:attachment":[{"href":"https:\/\/www.radiointeractivo.com.mx\/index.php?rest_route=%2Fwp%2Fv2%2Fmedia&parent=17298"}],"wp:term":[{"taxonomy":"category","embeddable":true,"href":"https:\/\/www.radiointeractivo.com.mx\/index.php?rest_route=%2Fwp%2Fv2%2Fcategories&post=17298"},{"taxonomy":"post_tag","embeddable":true,"href":"https:\/\/www.radiointeractivo.com.mx\/index.php?rest_route=%2Fwp%2Fv2%2Ftags&post=17298"}],"curies":[{"name":"wp","href":"https:\/\/api.w.org\/{rel}","templated":true}]}}