{"id":17283,"date":"2025-07-14T16:40:35","date_gmt":"2025-07-14T21:40:35","guid":{"rendered":"https:\/\/www.radiointeractivo.com.mx\/?p=17283"},"modified":"2025-07-14T16:40:37","modified_gmt":"2025-07-14T21:40:37","slug":"presidenta-municipal-carmen-lilia-canturosas-apadrina-generacion-2022-2025-de-la-preparatoria-municipal-elena-poniatowska","status":"publish","type":"post","link":"https:\/\/www.radiointeractivo.com.mx\/?p=17283","title":{"rendered":"Presidenta Municipal Carmen Lilia Canturosas apadrina generaci\u00f3n 2022\u20132025 de la Preparatoria Municipal \u201cElena Poniatowska\u201d"},"content":{"rendered":"\n<figure class=\"wp-block-image size-large\"><img loading=\"lazy\" decoding=\"async\" width=\"1024\" height=\"684\" src=\"https:\/\/www.radiointeractivo.com.mx\/wp-content\/uploads\/2025\/07\/WhatsApp-Image-2025-07-14-at-3.44.07-PM-1-1-1024x684.jpeg\" alt=\"\" class=\"wp-image-17285\" srcset=\"https:\/\/www.radiointeractivo.com.mx\/wp-content\/uploads\/2025\/07\/WhatsApp-Image-2025-07-14-at-3.44.07-PM-1-1-1024x684.jpeg 1024w, https:\/\/www.radiointeractivo.com.mx\/wp-content\/uploads\/2025\/07\/WhatsApp-Image-2025-07-14-at-3.44.07-PM-1-1-300x200.jpeg 300w, https:\/\/www.radiointeractivo.com.mx\/wp-content\/uploads\/2025\/07\/WhatsApp-Image-2025-07-14-at-3.44.07-PM-1-1-768x513.jpeg 768w, https:\/\/www.radiointeractivo.com.mx\/wp-content\/uploads\/2025\/07\/WhatsApp-Image-2025-07-14-at-3.44.07-PM-1-1.jpeg 1440w\" sizes=\"auto, (max-width: 1024px) 100vw, 1024px\" \/><\/figure>\n\n\n\n<p>Por: Staff | #NuevoLaredo #Laredo #NLD #Tamaulipas<\/p>\n\n\n\n<p>Nuevo Laredo, Tam.\u2013 En una emotiva ceremonia de graduaci\u00f3n celebrada en el Centro Cultural de Nuevo Laredo, la presidenta municipal Carmen Lilia Canturosas Villarreal fue nombrada madrina de generaci\u00f3n de los 239 egresados de la Preparatoria Municipal \u201cElena Poniatowska\u201d, correspondientes al periodo 2022\u20132025.<\/p>\n\n\n\n<p>Durante su mensaje, la alcaldesa expres\u00f3 su orgullo por los logros acad\u00e9micos de los estudiantes y reiter\u00f3 el compromiso del Gobierno Municipal con una educaci\u00f3n p\u00fablica de calidad.<br>\u201cSiempre hemos estado con ustedes impuls\u00e1ndolos a ser mejores estudiantes. Estoy muy contenta de que me hayan nombrado su madrina de generaci\u00f3n y muy orgullosa de todos sus logros y de lo que hacen. Le agradezco a nuestra directora por su trabajo y empe\u00f1o que le da a nuestra preparatoria. Queremos que cada estudiante de preparatoria municipal tenga la mejor educaci\u00f3n y salga preparado a comerse el mundo\u201d, se\u00f1al\u00f3 Canturosas Villarreal.<\/p>\n\n\n\n<p>El evento incluy\u00f3 la entrega de pergaminos a todos los graduados, as\u00ed como reconocimientos especiales: seis medallas a los primeros lugares de cada especialidad en ambos turnos y trofeos a los mejores promedios generales del turno matutino y vespertino.<\/p>\n\n\n\n<p>Familiares, docentes y autoridades municipales acompa\u00f1aron a los egresados en este importante momento que marca el cierre de su formaci\u00f3n de nivel medio superior y el inicio de nuevos retos, ya sea en la educaci\u00f3n superior o en el \u00e1mbito laboral.<\/p>\n\n\n\n<p>La Preparatoria Municipal \u201cElena Poniatowska\u201d tiene como misi\u00f3n formar j\u00f3venes preparados acad\u00e9micamente, con sentido \u00e9tico y social, capaces de integrarse con responsabilidad a su entorno profesional y comunitario.<\/p>\n\n\n\n<p>Entre las autoridades presentes estuvieron la regidora Leticia Meneses Caminoa; el secretario de Educaci\u00f3n, Cultura y Deporte, Ernesto Ferrara Theriot; el jefe del Centro Regional de Desarrollo Educativo, C\u00e9sar Bola\u00f1os Hern\u00e1ndez; y la directora del plantel, Nidia Benavides Casso.<\/p>\n\n\n\n<p>En fechas recientes, la instituci\u00f3n tambi\u00e9n recibi\u00f3 a cientos de aspirantes que presentaron el examen CENEVAL, como parte del proceso de admisi\u00f3n para el pr\u00f3ximo ciclo escolar.<\/p>\n\n\n\n<p>Con esta nueva generaci\u00f3n, la Preparatoria Municipal \u201cElena Poniatowska\u201d reafirma su papel como instituci\u00f3n educativa de excelencia, comprometida con la formaci\u00f3n integral de los j\u00f3venes de Nuevo Laredo.<\/p>\n","protected":false},"excerpt":{"rendered":"<p>Por: Staff | #NuevoLaredo #Laredo #NLD #Tamaulipas Nuevo Laredo, Tam.\u2013 En una emotiva ceremonia de graduaci\u00f3n celebrada en el Centro Cultural de Nuevo Laredo, la presidenta municipal Carmen Lilia Canturosas Villarreal fue nombrada madrina de generaci\u00f3n de los 239 egresados de la Preparatoria Municipal \u201cElena Poniatowska\u201d, correspondientes al periodo 2022\u20132025. Durante su mensaje, la alcaldesa &hellip;<\/p>\n","protected":false},"author":1,"featured_media":17284,"comment_status":"open","ping_status":"open","sticky":false,"template":"","format":"standard","meta":{"footnotes":""},"categories":[38],"tags":[],"class_list":["post-17283","post","type-post","status-publish","format-standard","has-post-thumbnail","","category-nuevo-laredo"],"_links":{"self":[{"href":"https:\/\/www.radiointeractivo.com.mx\/index.php?rest_route=\/wp\/v2\/posts\/17283","targetHints":{"allow":["GET"]}}],"collection":[{"href":"https:\/\/www.radiointeractivo.com.mx\/index.php?rest_route=\/wp\/v2\/posts"}],"about":[{"href":"https:\/\/www.radiointeractivo.com.mx\/index.php?rest_route=\/wp\/v2\/types\/post"}],"author":[{"embeddable":true,"href":"https:\/\/www.radiointeractivo.com.mx\/index.php?rest_route=\/wp\/v2\/users\/1"}],"replies":[{"embeddable":true,"href":"https:\/\/www.radiointeractivo.com.mx\/index.php?rest_route=%2Fwp%2Fv2%2Fcomments&post=17283"}],"version-history":[{"count":1,"href":"https:\/\/www.radiointeractivo.com.mx\/index.php?rest_route=\/wp\/v2\/posts\/17283\/revisions"}],"predecessor-version":[{"id":17286,"href":"https:\/\/www.radiointeractivo.com.mx\/index.php?rest_route=\/wp\/v2\/posts\/17283\/revisions\/17286"}],"wp:featuredmedia":[{"embeddable":true,"href":"https:\/\/www.radiointeractivo.com.mx\/index.php?rest_route=\/wp\/v2\/media\/17284"}],"wp:attachment":[{"href":"https:\/\/www.radiointeractivo.com.mx\/index.php?rest_route=%2Fwp%2Fv2%2Fmedia&parent=17283"}],"wp:term":[{"taxonomy":"category","embeddable":true,"href":"https:\/\/www.radiointeractivo.com.mx\/index.php?rest_route=%2Fwp%2Fv2%2Fcategories&post=17283"},{"taxonomy":"post_tag","embeddable":true,"href":"https:\/\/www.radiointeractivo.com.mx\/index.php?rest_route=%2Fwp%2Fv2%2Ftags&post=17283"}],"curies":[{"name":"wp","href":"https:\/\/api.w.org\/{rel}","templated":true}]}}