{"id":17280,"date":"2025-07-14T14:56:50","date_gmt":"2025-07-14T19:56:50","guid":{"rendered":"https:\/\/www.radiointeractivo.com.mx\/?p=17280"},"modified":"2025-07-14T14:56:52","modified_gmt":"2025-07-14T19:56:52","slug":"capacitan-a-funcionarios-municipales-para-reforzar-proteccion-de-ninas-ninos-y-adolescentes-en-nuevo-laredo","status":"publish","type":"post","link":"https:\/\/www.radiointeractivo.com.mx\/?p=17280","title":{"rendered":"Capacitan a funcionarios municipales para reforzar protecci\u00f3n de ni\u00f1as, ni\u00f1os y adolescentes en Nuevo Laredo"},"content":{"rendered":"\n<figure class=\"wp-block-image size-large\"><img loading=\"lazy\" decoding=\"async\" width=\"1024\" height=\"684\" src=\"https:\/\/www.radiointeractivo.com.mx\/wp-content\/uploads\/2025\/07\/WhatsApp-Image-2025-07-14-at-1.43.45-PM-1-1024x684.jpeg\" alt=\"\" class=\"wp-image-17281\" srcset=\"https:\/\/www.radiointeractivo.com.mx\/wp-content\/uploads\/2025\/07\/WhatsApp-Image-2025-07-14-at-1.43.45-PM-1-1024x684.jpeg 1024w, https:\/\/www.radiointeractivo.com.mx\/wp-content\/uploads\/2025\/07\/WhatsApp-Image-2025-07-14-at-1.43.45-PM-1-300x200.jpeg 300w, https:\/\/www.radiointeractivo.com.mx\/wp-content\/uploads\/2025\/07\/WhatsApp-Image-2025-07-14-at-1.43.45-PM-1-768x513.jpeg 768w, https:\/\/www.radiointeractivo.com.mx\/wp-content\/uploads\/2025\/07\/WhatsApp-Image-2025-07-14-at-1.43.45-PM-1-1536x1026.jpeg 1536w, https:\/\/www.radiointeractivo.com.mx\/wp-content\/uploads\/2025\/07\/WhatsApp-Image-2025-07-14-at-1.43.45-PM-1.jpeg 1600w\" sizes=\"auto, (max-width: 1024px) 100vw, 1024px\" \/><\/figure>\n\n\n\n<p>Por: Staff | #NuevoLaredo #Laredo #NLD #Tamaulipas<\/p>\n\n\n\n<p>Nuevo Laredo, Tam.\u2013 Con el objetivo de fortalecer los sistemas municipales de protecci\u00f3n de los derechos de ni\u00f1as, ni\u00f1os y adolescentes, la Secretar\u00eda Ejecutiva del Sistema de Protecci\u00f3n Integral de Ni\u00f1as, Ni\u00f1os y Adolescentes (SIPINNA) Tamaulipas imparti\u00f3 una jornada de capacitaci\u00f3n a funcionarias y funcionarios del Gobierno Municipal de Nuevo Laredo.<\/p>\n\n\n\n<p>La actividad, enmarcada en lo establecido por la Ley de los Derechos de Ni\u00f1as, Ni\u00f1os y Adolescentes, abord\u00f3 temas fundamentales como el marco jur\u00eddico internacional, nacional y estatal, los principios rectores de los sistemas de protecci\u00f3n integral, y los lineamientos para la instalaci\u00f3n de comisiones especializadas en la atenci\u00f3n de problem\u00e1ticas que afectan a este sector.<\/p>\n\n\n\n<p>Eugenia Zu\u00f1iga Castillo, jefa del Departamento de Vinculaci\u00f3n y Participaci\u00f3n de SIPINNA Tamaulipas, estuvo a cargo de la capacitaci\u00f3n y destac\u00f3 la relevancia de profesionalizar y sensibilizar a los servidores p\u00fablicos para garantizar el respeto, protecci\u00f3n y promoci\u00f3n de los derechos de la infancia y adolescencia.<\/p>\n\n\n\n<p>En representaci\u00f3n del Gobierno Municipal participaron personal de la Secretar\u00eda del Ayuntamiento y del Sistema DIF Nuevo Laredo, quienes fortalecer\u00e1n con estos conocimientos su labor diaria en favor de la ni\u00f1ez, mediante programas y acciones institucionales.<\/p>\n\n\n\n<p>El Gobierno Municipal reiter\u00f3 su compromiso con el bienestar de ni\u00f1as, ni\u00f1os y adolescentes, y asegur\u00f3 que continuar\u00e1 trabajando en coordinaci\u00f3n con el Gobierno del Estado para implementar pol\u00edticas p\u00fablicas que contribuyan a su desarrollo integral en \u00e1mbitos educativos, culturales y deportivos.<\/p>\n\n\n\n<p>Estas acciones refuerzan la red de protecci\u00f3n institucional y posicionan la defensa de los derechos de la ni\u00f1ez y adolescencia como una prioridad en la agenda p\u00fablica local.<\/p>\n","protected":false},"excerpt":{"rendered":"<p>Por: Staff | #NuevoLaredo #Laredo #NLD #Tamaulipas Nuevo Laredo, Tam.\u2013 Con el objetivo de fortalecer los sistemas municipales de protecci\u00f3n de los derechos de ni\u00f1as, ni\u00f1os y adolescentes, la Secretar\u00eda Ejecutiva del Sistema de Protecci\u00f3n Integral de Ni\u00f1as, Ni\u00f1os y Adolescentes (SIPINNA) Tamaulipas imparti\u00f3 una jornada de capacitaci\u00f3n a funcionarias y funcionarios del Gobierno Municipal &hellip;<\/p>\n","protected":false},"author":1,"featured_media":17281,"comment_status":"open","ping_status":"open","sticky":false,"template":"","format":"standard","meta":{"footnotes":""},"categories":[38],"tags":[],"class_list":["post-17280","post","type-post","status-publish","format-standard","has-post-thumbnail","","category-nuevo-laredo"],"_links":{"self":[{"href":"https:\/\/www.radiointeractivo.com.mx\/index.php?rest_route=\/wp\/v2\/posts\/17280","targetHints":{"allow":["GET"]}}],"collection":[{"href":"https:\/\/www.radiointeractivo.com.mx\/index.php?rest_route=\/wp\/v2\/posts"}],"about":[{"href":"https:\/\/www.radiointeractivo.com.mx\/index.php?rest_route=\/wp\/v2\/types\/post"}],"author":[{"embeddable":true,"href":"https:\/\/www.radiointeractivo.com.mx\/index.php?rest_route=\/wp\/v2\/users\/1"}],"replies":[{"embeddable":true,"href":"https:\/\/www.radiointeractivo.com.mx\/index.php?rest_route=%2Fwp%2Fv2%2Fcomments&post=17280"}],"version-history":[{"count":1,"href":"https:\/\/www.radiointeractivo.com.mx\/index.php?rest_route=\/wp\/v2\/posts\/17280\/revisions"}],"predecessor-version":[{"id":17282,"href":"https:\/\/www.radiointeractivo.com.mx\/index.php?rest_route=\/wp\/v2\/posts\/17280\/revisions\/17282"}],"wp:featuredmedia":[{"embeddable":true,"href":"https:\/\/www.radiointeractivo.com.mx\/index.php?rest_route=\/wp\/v2\/media\/17281"}],"wp:attachment":[{"href":"https:\/\/www.radiointeractivo.com.mx\/index.php?rest_route=%2Fwp%2Fv2%2Fmedia&parent=17280"}],"wp:term":[{"taxonomy":"category","embeddable":true,"href":"https:\/\/www.radiointeractivo.com.mx\/index.php?rest_route=%2Fwp%2Fv2%2Fcategories&post=17280"},{"taxonomy":"post_tag","embeddable":true,"href":"https:\/\/www.radiointeractivo.com.mx\/index.php?rest_route=%2Fwp%2Fv2%2Ftags&post=17280"}],"curies":[{"name":"wp","href":"https:\/\/api.w.org\/{rel}","templated":true}]}}