{"id":17277,"date":"2025-07-14T14:50:42","date_gmt":"2025-07-14T19:50:42","guid":{"rendered":"https:\/\/www.radiointeractivo.com.mx\/?p=17277"},"modified":"2025-07-14T14:50:44","modified_gmt":"2025-07-14T19:50:44","slug":"rockeando-en-el-laguito-congrega-a-jovenes-y-familias-en-una-tarde-de-musica-y-talento-local","status":"publish","type":"post","link":"https:\/\/www.radiointeractivo.com.mx\/?p=17277","title":{"rendered":"\u201cRockeando en el Laguito\u201d congrega a j\u00f3venes y familias en una tarde de m\u00fasica y talento local"},"content":{"rendered":"\n<figure class=\"wp-block-image size-large\"><img loading=\"lazy\" decoding=\"async\" width=\"1024\" height=\"684\" src=\"https:\/\/www.radiointeractivo.com.mx\/wp-content\/uploads\/2025\/07\/WhatsApp-Image-2025-07-14-at-1.41.29-PM-1-1024x684.jpeg\" alt=\"\" class=\"wp-image-17278\" srcset=\"https:\/\/www.radiointeractivo.com.mx\/wp-content\/uploads\/2025\/07\/WhatsApp-Image-2025-07-14-at-1.41.29-PM-1-1024x684.jpeg 1024w, https:\/\/www.radiointeractivo.com.mx\/wp-content\/uploads\/2025\/07\/WhatsApp-Image-2025-07-14-at-1.41.29-PM-1-300x200.jpeg 300w, https:\/\/www.radiointeractivo.com.mx\/wp-content\/uploads\/2025\/07\/WhatsApp-Image-2025-07-14-at-1.41.29-PM-1-768x513.jpeg 768w, https:\/\/www.radiointeractivo.com.mx\/wp-content\/uploads\/2025\/07\/WhatsApp-Image-2025-07-14-at-1.41.29-PM-1-1536x1026.jpeg 1536w, https:\/\/www.radiointeractivo.com.mx\/wp-content\/uploads\/2025\/07\/WhatsApp-Image-2025-07-14-at-1.41.29-PM-1.jpeg 1600w\" sizes=\"auto, (max-width: 1024px) 100vw, 1024px\" \/><\/figure>\n\n\n\n<p>Por: Staff | #NuevoLaredo #Laredo #NLD #Tamaulipas<\/p>\n\n\n\n<p>Nuevo Laredo, Tam.\u2013 Con motivo del D\u00eda Mundial del Rock, el parque El Laguito fue escenario del evento \u201cRockeando en el Laguito\u201d, una jornada organizada por el Instituto Municipal de la Juventud (IMJUVE) en coordinaci\u00f3n con la Direcci\u00f3n de Arte y Cultura, que reuni\u00f3 a cientos de j\u00f3venes y familias en una velada marcada por la m\u00fasica, el arte y la convivencia.<\/p>\n\n\n\n<p>El festival cont\u00f3 con la participaci\u00f3n de bandas locales como Flor Matcha, The Airwaves, Don\u2019t Take It For Granted, Fox Bemol, Retratos Imaginarios, Ratos Libres, Chicos Malos y Romanz. Los g\u00e9neros musicales interpretados incluyeron rock alternativo, pop rock y punk, brindando una experiencia variada y conectando con la energ\u00eda del p\u00fablico juvenil.<\/p>\n\n\n\n<p>Adem\u00e1s de las presentaciones musicales, el evento integr\u00f3 un bazar de emprendedores locales, quienes ofrecieron productos artesanales, alimentos y art\u00edculos diversos, en apoyo al consumo local y al fortalecimiento del talento emprendedor de la ciudad.<\/p>\n\n\n\n<p>El ambiente fue descrito por los asistentes como seguro, inclusivo y lleno de energ\u00eda positiva, aprovechando un espacio p\u00fablico recientemente renovado que contin\u00faa posicion\u00e1ndose como punto de encuentro cultural y recreativo en Nuevo Laredo.<\/p>\n\n\n\n<p>El Gobierno Municipal reiter\u00f3 su compromiso de seguir promoviendo actividades que fortalezcan el tejido social, generen espacios seguros para la juventud y fomenten la participaci\u00f3n de las familias en eventos culturales que impulsen el talento local.<\/p>\n","protected":false},"excerpt":{"rendered":"<p>Por: Staff | #NuevoLaredo #Laredo #NLD #Tamaulipas Nuevo Laredo, Tam.\u2013 Con motivo del D\u00eda Mundial del Rock, el parque El Laguito fue escenario del evento \u201cRockeando en el Laguito\u201d, una jornada organizada por el Instituto Municipal de la Juventud (IMJUVE) en coordinaci\u00f3n con la Direcci\u00f3n de Arte y Cultura, que reuni\u00f3 a cientos de j\u00f3venes &hellip;<\/p>\n","protected":false},"author":1,"featured_media":17278,"comment_status":"open","ping_status":"open","sticky":false,"template":"","format":"standard","meta":{"footnotes":""},"categories":[38],"tags":[],"class_list":["post-17277","post","type-post","status-publish","format-standard","has-post-thumbnail","","category-nuevo-laredo"],"_links":{"self":[{"href":"https:\/\/www.radiointeractivo.com.mx\/index.php?rest_route=\/wp\/v2\/posts\/17277","targetHints":{"allow":["GET"]}}],"collection":[{"href":"https:\/\/www.radiointeractivo.com.mx\/index.php?rest_route=\/wp\/v2\/posts"}],"about":[{"href":"https:\/\/www.radiointeractivo.com.mx\/index.php?rest_route=\/wp\/v2\/types\/post"}],"author":[{"embeddable":true,"href":"https:\/\/www.radiointeractivo.com.mx\/index.php?rest_route=\/wp\/v2\/users\/1"}],"replies":[{"embeddable":true,"href":"https:\/\/www.radiointeractivo.com.mx\/index.php?rest_route=%2Fwp%2Fv2%2Fcomments&post=17277"}],"version-history":[{"count":1,"href":"https:\/\/www.radiointeractivo.com.mx\/index.php?rest_route=\/wp\/v2\/posts\/17277\/revisions"}],"predecessor-version":[{"id":17279,"href":"https:\/\/www.radiointeractivo.com.mx\/index.php?rest_route=\/wp\/v2\/posts\/17277\/revisions\/17279"}],"wp:featuredmedia":[{"embeddable":true,"href":"https:\/\/www.radiointeractivo.com.mx\/index.php?rest_route=\/wp\/v2\/media\/17278"}],"wp:attachment":[{"href":"https:\/\/www.radiointeractivo.com.mx\/index.php?rest_route=%2Fwp%2Fv2%2Fmedia&parent=17277"}],"wp:term":[{"taxonomy":"category","embeddable":true,"href":"https:\/\/www.radiointeractivo.com.mx\/index.php?rest_route=%2Fwp%2Fv2%2Fcategories&post=17277"},{"taxonomy":"post_tag","embeddable":true,"href":"https:\/\/www.radiointeractivo.com.mx\/index.php?rest_route=%2Fwp%2Fv2%2Ftags&post=17277"}],"curies":[{"name":"wp","href":"https:\/\/api.w.org\/{rel}","templated":true}]}}