{"id":17273,"date":"2025-07-13T11:41:08","date_gmt":"2025-07-13T16:41:08","guid":{"rendered":"https:\/\/www.radiointeractivo.com.mx\/?p=17273"},"modified":"2025-07-13T11:41:12","modified_gmt":"2025-07-13T16:41:12","slug":"%f0%9f%94%b4dan-prision-preventiva-a-enrique-rivas-%f0%9f%94%b4","status":"publish","type":"post","link":"https:\/\/www.radiointeractivo.com.mx\/?p=17273","title":{"rendered":"\ud83d\udd34Dan Prisi\u00f3n Preventiva a Enrique Rivas \ud83d\udd34"},"content":{"rendered":"\n<figure class=\"wp-block-image size-full\"><img loading=\"lazy\" decoding=\"async\" width=\"908\" height=\"624\" src=\"https:\/\/www.radiointeractivo.com.mx\/wp-content\/uploads\/2025\/07\/WhatsApp-Image-2025-07-13-at-11.34.56-AM.jpeg\" alt=\"\" class=\"wp-image-17274\" srcset=\"https:\/\/www.radiointeractivo.com.mx\/wp-content\/uploads\/2025\/07\/WhatsApp-Image-2025-07-13-at-11.34.56-AM.jpeg 908w, https:\/\/www.radiointeractivo.com.mx\/wp-content\/uploads\/2025\/07\/WhatsApp-Image-2025-07-13-at-11.34.56-AM-300x206.jpeg 300w, https:\/\/www.radiointeractivo.com.mx\/wp-content\/uploads\/2025\/07\/WhatsApp-Image-2025-07-13-at-11.34.56-AM-768x528.jpeg 768w, https:\/\/www.radiointeractivo.com.mx\/wp-content\/uploads\/2025\/07\/WhatsApp-Image-2025-07-13-at-11.34.56-AM-110x75.jpeg 110w\" sizes=\"auto, (max-width: 908px) 100vw, 908px\" \/><\/figure>\n\n\n\n<p>#NuevoLaredo #Laredo #NLD #Tamaulipas<\/p>\n\n\n\n<p>En audiencia de imputaci\u00f3n, Juez de control vincula a proceso a Enrique Rivas ex Presidente Municipal de Nuevo Laredo y ordena prisi\u00f3n preventiva justificada en su contra por riesgo de fuga, lo anterior por los delitos de \u201cejercicio il\u00edcito del servicio p\u00fablico y uso il\u00edcito de atribuciones y facultades\u201d. En un t\u00e9rmino de 48 horas Enrique \u201cN\u201d deber\u00e1 ser ingresado al penal de Nuevo Laredo, podr\u00eda enfrentar una pena acumulada de 18 a\u00f1os de prisi\u00f3n.<\/p>\n","protected":false},"excerpt":{"rendered":"<p>#NuevoLaredo #Laredo #NLD #Tamaulipas En audiencia de imputaci\u00f3n, Juez de control vincula a proceso a Enrique Rivas ex Presidente Municipal de Nuevo Laredo y ordena prisi\u00f3n preventiva justificada en su contra por riesgo de fuga, lo anterior por los delitos de \u201cejercicio il\u00edcito del servicio p\u00fablico y uso il\u00edcito de atribuciones y facultades\u201d. En un &hellip;<\/p>\n","protected":false},"author":1,"featured_media":17274,"comment_status":"open","ping_status":"open","sticky":false,"template":"","format":"standard","meta":{"footnotes":""},"categories":[38],"tags":[],"class_list":["post-17273","post","type-post","status-publish","format-standard","has-post-thumbnail","","category-nuevo-laredo"],"_links":{"self":[{"href":"https:\/\/www.radiointeractivo.com.mx\/index.php?rest_route=\/wp\/v2\/posts\/17273","targetHints":{"allow":["GET"]}}],"collection":[{"href":"https:\/\/www.radiointeractivo.com.mx\/index.php?rest_route=\/wp\/v2\/posts"}],"about":[{"href":"https:\/\/www.radiointeractivo.com.mx\/index.php?rest_route=\/wp\/v2\/types\/post"}],"author":[{"embeddable":true,"href":"https:\/\/www.radiointeractivo.com.mx\/index.php?rest_route=\/wp\/v2\/users\/1"}],"replies":[{"embeddable":true,"href":"https:\/\/www.radiointeractivo.com.mx\/index.php?rest_route=%2Fwp%2Fv2%2Fcomments&post=17273"}],"version-history":[{"count":1,"href":"https:\/\/www.radiointeractivo.com.mx\/index.php?rest_route=\/wp\/v2\/posts\/17273\/revisions"}],"predecessor-version":[{"id":17275,"href":"https:\/\/www.radiointeractivo.com.mx\/index.php?rest_route=\/wp\/v2\/posts\/17273\/revisions\/17275"}],"wp:featuredmedia":[{"embeddable":true,"href":"https:\/\/www.radiointeractivo.com.mx\/index.php?rest_route=\/wp\/v2\/media\/17274"}],"wp:attachment":[{"href":"https:\/\/www.radiointeractivo.com.mx\/index.php?rest_route=%2Fwp%2Fv2%2Fmedia&parent=17273"}],"wp:term":[{"taxonomy":"category","embeddable":true,"href":"https:\/\/www.radiointeractivo.com.mx\/index.php?rest_route=%2Fwp%2Fv2%2Fcategories&post=17273"},{"taxonomy":"post_tag","embeddable":true,"href":"https:\/\/www.radiointeractivo.com.mx\/index.php?rest_route=%2Fwp%2Fv2%2Ftags&post=17273"}],"curies":[{"name":"wp","href":"https:\/\/api.w.org\/{rel}","templated":true}]}}