{"id":17267,"date":"2025-07-11T15:20:32","date_gmt":"2025-07-11T20:20:32","guid":{"rendered":"https:\/\/www.radiointeractivo.com.mx\/?p=17267"},"modified":"2025-07-11T15:20:34","modified_gmt":"2025-07-11T20:20:34","slug":"dif-nuevo-laredo-fortalece-la-inclusion-con-la-lengua-de-senas-mexicana","status":"publish","type":"post","link":"https:\/\/www.radiointeractivo.com.mx\/?p=17267","title":{"rendered":"DIF NUEVO LAREDO FORTALECE LA INCLUSI\u00d3N CON LA LENGUA DE SE\u00d1AS MEXICANA"},"content":{"rendered":"\n<figure class=\"wp-block-image size-large\"><img loading=\"lazy\" decoding=\"async\" width=\"1024\" height=\"762\" src=\"https:\/\/www.radiointeractivo.com.mx\/wp-content\/uploads\/2025\/07\/WhatsApp-Image-2025-07-11-at-12.21.16-PM-1024x762.jpeg\" alt=\"\" class=\"wp-image-17268\" srcset=\"https:\/\/www.radiointeractivo.com.mx\/wp-content\/uploads\/2025\/07\/WhatsApp-Image-2025-07-11-at-12.21.16-PM-1024x762.jpeg 1024w, https:\/\/www.radiointeractivo.com.mx\/wp-content\/uploads\/2025\/07\/WhatsApp-Image-2025-07-11-at-12.21.16-PM-300x223.jpeg 300w, https:\/\/www.radiointeractivo.com.mx\/wp-content\/uploads\/2025\/07\/WhatsApp-Image-2025-07-11-at-12.21.16-PM-768x572.jpeg 768w, https:\/\/www.radiointeractivo.com.mx\/wp-content\/uploads\/2025\/07\/WhatsApp-Image-2025-07-11-at-12.21.16-PM.jpeg 1280w\" sizes=\"auto, (max-width: 1024px) 100vw, 1024px\" \/><\/figure>\n\n\n\n<p>Por: Staff | #NuevoLaredo #Laredo #NLD #Tamaulipas<\/p>\n\n\n\n<p>Lo que comenz\u00f3 como un curso gratuito de Lengua de Se\u00f1as Mexicana (LSM) del Sistema para el Desarrollo Integral de la Familia (DIF) Nuevo Laredo y la Universidad Tecmilenio, se convirti\u00f3 en una experiencia que transform\u00f3 la comunicaci\u00f3n y los corazones de quienes lo tomaron.<\/p>\n\n\n\n<p>Rosa Mar\u00eda Rodr\u00edguez fue una de las 44 personas que integraron la primera generaci\u00f3n de egresados. Para ella, aprender LSM junto a su hijo Diego, quien tiene discapacidad auditiva, fue mucho m\u00e1s que un aprendizaje t\u00e9cnico; fue un puente emocional.<\/p>\n\n\n\n<p>\u201cNos sentimos muy bien porque este curso le dio a mi hijo Diego la oportunidad de convivir con m\u00e1s personas. A \u00e9l le encanta socializar, y hacer el curso juntos abri\u00f3 un camino para comunicarnos mejor. Fue un gran apoyo para todos, especialmente para Diego. Agradezco mucho que le abrieran las puertas y que me brindaran herramientas para comunicarme de manera m\u00e1s efectiva con mi hijo\u201d, comparti\u00f3 emocionada Rosa Mar\u00eda.<\/p>\n\n\n\n<p>Durante las clases, Diego tambi\u00e9n se convirti\u00f3 en un maestro para los dem\u00e1s estudiantes, ayud\u00e1ndoles a practicar lo aprendido y mostrando en la pr\u00e1ctica la importancia de usar la Lengua de Se\u00f1as Mexicana como una herramienta de inclusi\u00f3n.<\/p>\n\n\n\n<p>Por su parte, Maricruz Quezada Moya se inscribi\u00f3 al curso por iniciativa propia. Aunque no tiene familiares con discapacidad auditiva, su motivaci\u00f3n fue ayudar a los demas.<\/p>\n\n\n\n<p>\u201cEstoy muy agradecida por haber sido tomada en cuenta. Me llena de alegr\u00eda saber que puedo ser un puente de comunicaci\u00f3n entre una persona que no puede hablar o escuchar y las dem\u00e1s. Esto me llena de motivaci\u00f3n\u201d, afirm\u00f3 Maricruz.<\/p>\n\n\n\n<p>La historia de M\u00f3nica Guadalupe Cruz tambi\u00e9n conmueve: su hija tiene hipoacusia bilateral y juntas asistieron al curso para fortalecer sus v\u00ednculos y abrir nuevas posibilidades de comunicaci\u00f3n.<\/p>\n\n\n\n<p>\u201cMe enter\u00e9 de este curso en la escuela de mi hija, quien tiene hipoacusia bilateral, y decid\u00ed inscribirme junto a ella. Le doy las gracias al Sistema DIF por traer esta capacitaci\u00f3n a Nuevo Laredo y por darnos la oportunidad de participar. Ahora mi hija ya puede comunicarse con m\u00e1s personas, no solo conmigo, y eso me llena de alegr\u00eda\u201d, coment\u00f3 M\u00f3nica.<\/p>\n\n\n\n<p>Finalmente, Lucero Rubio Gonz\u00e1lez comparti\u00f3 c\u00f3mo la necesidad de comunicarse con su padre de 70 a\u00f1os, la llev\u00f3 a aprender LSM.<\/p>\n\n\n\n<p>\u201cMi pap\u00e1 tiene problemas de audici\u00f3n, y por eso decid\u00ed aprender Lengua de Se\u00f1as para poder comunicarme con \u00e9l. Creo que todos debemos ser inclusivos y tener empat\u00eda con quienes necesitan esta forma de comunicaci\u00f3n. Agradezco la oportunidad de aprender y ayudar a los dem\u00e1s\u201d, dijo Lucero.<\/p>\n\n\n\n<p>El curso b\u00e1sico de Lengua de Se\u00f1as Mexicana fue impartido de forma gratuita gracias al trabajo conjunto del Sistema DIF Nuevo Laredo y la Universidad Tecmilenio, con el objetivo de fortalecer la inclusi\u00f3n y la comunicaci\u00f3n con la comunidad sorda. Las clases se desarrollaron durante varias semanas en las instalaciones del Centro de Rehabilitaci\u00f3n Integral (CRI) y fueron impartidas por Andrea G\u00fcemez, especialista en LSM.<\/p>\n\n\n\n<p>Entre los 44 egresados destacan 17 colaboradores del Sistema DIF, quienes tambi\u00e9n adquirieron herramientas para brindar una atenci\u00f3n m\u00e1s inclusiva y emp\u00e1tica en su labor diaria. Con iniciativas como esta, el DIF refrenda su compromiso con la construcci\u00f3n de una sociedad donde todas las personas puedan sentirse valoradas y comprendidas.<\/p>\n","protected":false},"excerpt":{"rendered":"<p>Por: Staff | #NuevoLaredo #Laredo #NLD #Tamaulipas Lo que comenz\u00f3 como un curso gratuito de Lengua de Se\u00f1as Mexicana (LSM) del Sistema para el Desarrollo Integral de la Familia (DIF) Nuevo Laredo y la Universidad Tecmilenio, se convirti\u00f3 en una experiencia que transform\u00f3 la comunicaci\u00f3n y los corazones de quienes lo tomaron. Rosa Mar\u00eda Rodr\u00edguez &hellip;<\/p>\n","protected":false},"author":1,"featured_media":17268,"comment_status":"open","ping_status":"open","sticky":false,"template":"","format":"standard","meta":{"footnotes":""},"categories":[38],"tags":[],"class_list":["post-17267","post","type-post","status-publish","format-standard","has-post-thumbnail","","category-nuevo-laredo"],"_links":{"self":[{"href":"https:\/\/www.radiointeractivo.com.mx\/index.php?rest_route=\/wp\/v2\/posts\/17267","targetHints":{"allow":["GET"]}}],"collection":[{"href":"https:\/\/www.radiointeractivo.com.mx\/index.php?rest_route=\/wp\/v2\/posts"}],"about":[{"href":"https:\/\/www.radiointeractivo.com.mx\/index.php?rest_route=\/wp\/v2\/types\/post"}],"author":[{"embeddable":true,"href":"https:\/\/www.radiointeractivo.com.mx\/index.php?rest_route=\/wp\/v2\/users\/1"}],"replies":[{"embeddable":true,"href":"https:\/\/www.radiointeractivo.com.mx\/index.php?rest_route=%2Fwp%2Fv2%2Fcomments&post=17267"}],"version-history":[{"count":1,"href":"https:\/\/www.radiointeractivo.com.mx\/index.php?rest_route=\/wp\/v2\/posts\/17267\/revisions"}],"predecessor-version":[{"id":17269,"href":"https:\/\/www.radiointeractivo.com.mx\/index.php?rest_route=\/wp\/v2\/posts\/17267\/revisions\/17269"}],"wp:featuredmedia":[{"embeddable":true,"href":"https:\/\/www.radiointeractivo.com.mx\/index.php?rest_route=\/wp\/v2\/media\/17268"}],"wp:attachment":[{"href":"https:\/\/www.radiointeractivo.com.mx\/index.php?rest_route=%2Fwp%2Fv2%2Fmedia&parent=17267"}],"wp:term":[{"taxonomy":"category","embeddable":true,"href":"https:\/\/www.radiointeractivo.com.mx\/index.php?rest_route=%2Fwp%2Fv2%2Fcategories&post=17267"},{"taxonomy":"post_tag","embeddable":true,"href":"https:\/\/www.radiointeractivo.com.mx\/index.php?rest_route=%2Fwp%2Fv2%2Ftags&post=17267"}],"curies":[{"name":"wp","href":"https:\/\/api.w.org\/{rel}","templated":true}]}}