{"id":17255,"date":"2025-07-10T15:48:07","date_gmt":"2025-07-10T20:48:07","guid":{"rendered":"https:\/\/www.radiointeractivo.com.mx\/?p=17255"},"modified":"2025-07-10T15:48:09","modified_gmt":"2025-07-10T20:48:09","slug":"inicia-gobierno-municipal-plan-de-acompanamiento-hecho-en-nuevo-laredo-para-fortalecer-a-las-mipymes","status":"publish","type":"post","link":"https:\/\/www.radiointeractivo.com.mx\/?p=17255","title":{"rendered":"Inicia Gobierno Municipal plan de acompa\u00f1amiento \u201cHecho en Nuevo Laredo\u201d para fortalecer a las MiPyMEs"},"content":{"rendered":"\n<figure class=\"wp-block-image size-large\"><img loading=\"lazy\" decoding=\"async\" width=\"1024\" height=\"684\" src=\"https:\/\/www.radiointeractivo.com.mx\/wp-content\/uploads\/2025\/07\/WhatsApp-Image-2025-07-10-at-2.26.41-PM-1024x684.jpeg\" alt=\"\" class=\"wp-image-17256\" srcset=\"https:\/\/www.radiointeractivo.com.mx\/wp-content\/uploads\/2025\/07\/WhatsApp-Image-2025-07-10-at-2.26.41-PM-1024x684.jpeg 1024w, https:\/\/www.radiointeractivo.com.mx\/wp-content\/uploads\/2025\/07\/WhatsApp-Image-2025-07-10-at-2.26.41-PM-300x200.jpeg 300w, https:\/\/www.radiointeractivo.com.mx\/wp-content\/uploads\/2025\/07\/WhatsApp-Image-2025-07-10-at-2.26.41-PM-768x513.jpeg 768w, https:\/\/www.radiointeractivo.com.mx\/wp-content\/uploads\/2025\/07\/WhatsApp-Image-2025-07-10-at-2.26.41-PM-1536x1026.jpeg 1536w, https:\/\/www.radiointeractivo.com.mx\/wp-content\/uploads\/2025\/07\/WhatsApp-Image-2025-07-10-at-2.26.41-PM.jpeg 1600w\" sizes=\"auto, (max-width: 1024px) 100vw, 1024px\" \/><\/figure>\n\n\n\n<p><em>Nuevo Laredo, Tamps.-<\/em> El Gobierno Municipal, a trav\u00e9s de la Secretar\u00eda de Desarrollo Econ\u00f3mico, puso en marcha el plan de acompa\u00f1amiento <em>\u201cHecho en Nuevo Laredo\u201d<\/em>, una estrategia dise\u00f1ada para impulsar el crecimiento y consolidaci\u00f3n de micro, peque\u00f1as y medianas empresas (MiPyMEs) en la ciudad.<\/p>\n\n\n\n<p>El programa arranc\u00f3 con la primera sesi\u00f3n y la realizaci\u00f3n del panel empresarial <em>\u201cHecho en Nuevo Laredo, Hecho con el Coraz\u00f3n\u201d<\/em>, en el que participaron destacados representantes del sector como Carlos Fern\u00e1ndez, transportista local; Erika Talam\u00e1s, presidenta de COPARMEX; Agust\u00edn Duarte, presidente de CANACO; y Ramiro Salas, empresario de Laredos Parrillita, quienes compartieron experiencias y reflexiones sobre el emprendimiento local.<\/p>\n\n\n\n<p>La iniciativa contempla <strong>sesiones quincenales, asesor\u00edas personalizadas, acceso a convocatorias estrat\u00e9gicas, vinculaci\u00f3n con especialistas y oportunidades de promoci\u00f3n<\/strong>, en coordinaci\u00f3n con organismos empresariales y los tres niveles de gobierno.<\/p>\n\n\n\n<p>Su objetivo principal es dotar a los negocios locales de herramientas concretas para <strong>mejorar su gesti\u00f3n, facilitar el acceso a financiamiento y servicios clave<\/strong>, as\u00ed como fortalecer su presencia comercial.<\/p>\n\n\n\n<p>La secretaria de Desarrollo Econ\u00f3mico, <strong>Lorena Cavazos Mu\u00f1oz<\/strong>, subray\u00f3 la importancia del programa para el ecosistema productivo de la ciudad.<br><em>&#8220;Con \u2018Hecho en Nuevo Laredo\u2019 buscamos mucho m\u00e1s que crecimiento econ\u00f3mico; queremos fortalecer la identidad, el orgullo y la permanencia de nuestros emprendedores y empresarios. Este programa representa el acompa\u00f1amiento que muchos necesitan para llevar sus sue\u00f1os al siguiente nivel&#8221;,<\/em> expres\u00f3.<\/p>\n\n\n\n<p>El programa est\u00e1 dirigido a <strong>emprendedores, empresarios, artesanos y productores locales<\/strong>, y busca, adem\u00e1s, fomentar el consumo interno y el posicionamiento de marcas locales.<\/p>\n\n\n\n<p><em>\u201cHecho en Nuevo Laredo\u201d<\/em> se articula con otras estrategias de desarrollo econ\u00f3mico impulsadas por el municipio, como los cr\u00e9ditos <strong>MiPyME, Avanza e Impulso Econ\u00f3mico<\/strong>, con la visi\u00f3n de construir una econom\u00eda s\u00f3lida, resiliente y con oportunidades para todos los sectores de la poblaci\u00f3n.<\/p>\n","protected":false},"excerpt":{"rendered":"<p>Nuevo Laredo, Tamps.- El Gobierno Municipal, a trav\u00e9s de la Secretar\u00eda de Desarrollo Econ\u00f3mico, puso en marcha el plan de acompa\u00f1amiento \u201cHecho en Nuevo Laredo\u201d, una estrategia dise\u00f1ada para impulsar el crecimiento y consolidaci\u00f3n de micro, peque\u00f1as y medianas empresas (MiPyMEs) en la ciudad. El programa arranc\u00f3 con la primera sesi\u00f3n y la realizaci\u00f3n del &hellip;<\/p>\n","protected":false},"author":1,"featured_media":17256,"comment_status":"open","ping_status":"open","sticky":false,"template":"","format":"standard","meta":{"footnotes":""},"categories":[38],"tags":[],"class_list":["post-17255","post","type-post","status-publish","format-standard","has-post-thumbnail","","category-nuevo-laredo"],"_links":{"self":[{"href":"https:\/\/www.radiointeractivo.com.mx\/index.php?rest_route=\/wp\/v2\/posts\/17255","targetHints":{"allow":["GET"]}}],"collection":[{"href":"https:\/\/www.radiointeractivo.com.mx\/index.php?rest_route=\/wp\/v2\/posts"}],"about":[{"href":"https:\/\/www.radiointeractivo.com.mx\/index.php?rest_route=\/wp\/v2\/types\/post"}],"author":[{"embeddable":true,"href":"https:\/\/www.radiointeractivo.com.mx\/index.php?rest_route=\/wp\/v2\/users\/1"}],"replies":[{"embeddable":true,"href":"https:\/\/www.radiointeractivo.com.mx\/index.php?rest_route=%2Fwp%2Fv2%2Fcomments&post=17255"}],"version-history":[{"count":1,"href":"https:\/\/www.radiointeractivo.com.mx\/index.php?rest_route=\/wp\/v2\/posts\/17255\/revisions"}],"predecessor-version":[{"id":17257,"href":"https:\/\/www.radiointeractivo.com.mx\/index.php?rest_route=\/wp\/v2\/posts\/17255\/revisions\/17257"}],"wp:featuredmedia":[{"embeddable":true,"href":"https:\/\/www.radiointeractivo.com.mx\/index.php?rest_route=\/wp\/v2\/media\/17256"}],"wp:attachment":[{"href":"https:\/\/www.radiointeractivo.com.mx\/index.php?rest_route=%2Fwp%2Fv2%2Fmedia&parent=17255"}],"wp:term":[{"taxonomy":"category","embeddable":true,"href":"https:\/\/www.radiointeractivo.com.mx\/index.php?rest_route=%2Fwp%2Fv2%2Fcategories&post=17255"},{"taxonomy":"post_tag","embeddable":true,"href":"https:\/\/www.radiointeractivo.com.mx\/index.php?rest_route=%2Fwp%2Fv2%2Ftags&post=17255"}],"curies":[{"name":"wp","href":"https:\/\/api.w.org\/{rel}","templated":true}]}}