{"id":17251,"date":"2025-07-10T15:19:05","date_gmt":"2025-07-10T20:19:05","guid":{"rendered":"https:\/\/www.radiointeractivo.com.mx\/?p=17251"},"modified":"2025-07-10T15:19:07","modified_gmt":"2025-07-10T20:19:07","slug":"presidencia-cerquita-de-ti-lleva-servicios-gratuitos-a-familias-de-villas-del-sol","status":"publish","type":"post","link":"https:\/\/www.radiointeractivo.com.mx\/?p=17251","title":{"rendered":"\u201cPresidencia Cerquita de Ti\u201d lleva servicios gratuitos a familias de Villas del Sol"},"content":{"rendered":"\n<figure class=\"wp-block-image size-large\"><img loading=\"lazy\" decoding=\"async\" width=\"1024\" height=\"684\" src=\"https:\/\/www.radiointeractivo.com.mx\/wp-content\/uploads\/2025\/07\/WhatsApp-Image-2025-07-10-at-1.33.53-PM-1-1024x684.jpeg\" alt=\"\" class=\"wp-image-17252\" srcset=\"https:\/\/www.radiointeractivo.com.mx\/wp-content\/uploads\/2025\/07\/WhatsApp-Image-2025-07-10-at-1.33.53-PM-1-1024x684.jpeg 1024w, https:\/\/www.radiointeractivo.com.mx\/wp-content\/uploads\/2025\/07\/WhatsApp-Image-2025-07-10-at-1.33.53-PM-1-300x200.jpeg 300w, https:\/\/www.radiointeractivo.com.mx\/wp-content\/uploads\/2025\/07\/WhatsApp-Image-2025-07-10-at-1.33.53-PM-1-768x513.jpeg 768w, https:\/\/www.radiointeractivo.com.mx\/wp-content\/uploads\/2025\/07\/WhatsApp-Image-2025-07-10-at-1.33.53-PM-1-1536x1026.jpeg 1536w, https:\/\/www.radiointeractivo.com.mx\/wp-content\/uploads\/2025\/07\/WhatsApp-Image-2025-07-10-at-1.33.53-PM-1.jpeg 1600w\" sizes=\"auto, (max-width: 1024px) 100vw, 1024px\" \/><\/figure>\n\n\n\n<p>Por: Staff | #NuevoLaredo #laredo #NLD #Tamaulipas<\/p>\n\n\n\n<p>Nuevo Laredo, Tamps.- El Gobierno Municipal de Nuevo Laredo realiz\u00f3 una nueva jornada del programa \u201cPresidencia Cerquita de Ti\u201d, en esta ocasi\u00f3n en la colonia Villas del Sol, donde se ofrecieron m\u00faltiples servicios gratuitos, tr\u00e1mites y asesor\u00edas para beneficio de las familias del sector.<\/p>\n\n\n\n<p>La actividad fue encabezada por la presidenta del Sistema DIF Nuevo Laredo, Claudette Canturosas Villarreal, acompa\u00f1ada por integrantes del cabildo y secretarios municipales, quienes atendieron personalmente las inquietudes de los vecinos, en un ejercicio de contacto directo entre gobierno y ciudadan\u00eda.<\/p>\n\n\n\n<p>&#8220;Estamos aqu\u00ed para atenderles con el coraz\u00f3n, porque para nosotros lo m\u00e1s importante es su bienestar. Seguiremos recorriendo las colonias para estar donde m\u00e1s se nos necesita&#8221;, expres\u00f3 Claudette Canturosas durante su mensaje.<\/p>\n\n\n\n<p>Durante la jornada, se ofrecieron consultas m\u00e9dicas, cortes de cabello, atenci\u00f3n jur\u00eddica, programas de vacunaci\u00f3n y servicios del DIF, as\u00ed como orientaci\u00f3n sobre programas sociales, apoyos municipales y opciones de empleo.<\/p>\n\n\n\n<p>El programa \u201cPresidencia Cerquita de Ti\u201d se consolida como una estrategia efectiva de atenci\u00f3n ciudadana, permitiendo resolver problem\u00e1ticas en territorio y fortalecer la relaci\u00f3n entre autoridades y comunidad.<\/p>\n\n\n\n<p>El Gobierno Municipal invit\u00f3 a la poblaci\u00f3n a mantenerse informada sobre las pr\u00f3ximas fechas y sedes del programa, con el prop\u00f3sito de seguir acercando servicios p\u00fablicos a m\u00e1s colonias de la ciudad.<\/p>\n","protected":false},"excerpt":{"rendered":"<p>Por: Staff | #NuevoLaredo #laredo #NLD #Tamaulipas Nuevo Laredo, Tamps.- El Gobierno Municipal de Nuevo Laredo realiz\u00f3 una nueva jornada del programa \u201cPresidencia Cerquita de Ti\u201d, en esta ocasi\u00f3n en la colonia Villas del Sol, donde se ofrecieron m\u00faltiples servicios gratuitos, tr\u00e1mites y asesor\u00edas para beneficio de las familias del sector. La actividad fue encabezada &hellip;<\/p>\n","protected":false},"author":1,"featured_media":17252,"comment_status":"open","ping_status":"open","sticky":false,"template":"","format":"standard","meta":{"footnotes":""},"categories":[38],"tags":[],"class_list":["post-17251","post","type-post","status-publish","format-standard","has-post-thumbnail","","category-nuevo-laredo"],"_links":{"self":[{"href":"https:\/\/www.radiointeractivo.com.mx\/index.php?rest_route=\/wp\/v2\/posts\/17251","targetHints":{"allow":["GET"]}}],"collection":[{"href":"https:\/\/www.radiointeractivo.com.mx\/index.php?rest_route=\/wp\/v2\/posts"}],"about":[{"href":"https:\/\/www.radiointeractivo.com.mx\/index.php?rest_route=\/wp\/v2\/types\/post"}],"author":[{"embeddable":true,"href":"https:\/\/www.radiointeractivo.com.mx\/index.php?rest_route=\/wp\/v2\/users\/1"}],"replies":[{"embeddable":true,"href":"https:\/\/www.radiointeractivo.com.mx\/index.php?rest_route=%2Fwp%2Fv2%2Fcomments&post=17251"}],"version-history":[{"count":1,"href":"https:\/\/www.radiointeractivo.com.mx\/index.php?rest_route=\/wp\/v2\/posts\/17251\/revisions"}],"predecessor-version":[{"id":17253,"href":"https:\/\/www.radiointeractivo.com.mx\/index.php?rest_route=\/wp\/v2\/posts\/17251\/revisions\/17253"}],"wp:featuredmedia":[{"embeddable":true,"href":"https:\/\/www.radiointeractivo.com.mx\/index.php?rest_route=\/wp\/v2\/media\/17252"}],"wp:attachment":[{"href":"https:\/\/www.radiointeractivo.com.mx\/index.php?rest_route=%2Fwp%2Fv2%2Fmedia&parent=17251"}],"wp:term":[{"taxonomy":"category","embeddable":true,"href":"https:\/\/www.radiointeractivo.com.mx\/index.php?rest_route=%2Fwp%2Fv2%2Fcategories&post=17251"},{"taxonomy":"post_tag","embeddable":true,"href":"https:\/\/www.radiointeractivo.com.mx\/index.php?rest_route=%2Fwp%2Fv2%2Ftags&post=17251"}],"curies":[{"name":"wp","href":"https:\/\/api.w.org\/{rel}","templated":true}]}}