{"id":1725,"date":"2023-09-16T12:15:51","date_gmt":"2023-09-16T17:15:51","guid":{"rendered":"https:\/\/www.radiointeractivo.com.mx\/?p=1725"},"modified":"2023-09-16T12:15:51","modified_gmt":"2023-09-16T17:15:51","slug":"deposita-gobernador-ofrenda-floral-en-honor-a-los-heroes-de-la-independencia","status":"publish","type":"post","link":"https:\/\/www.radiointeractivo.com.mx\/?p=1725","title":{"rendered":"Deposita Gobernador ofrenda floral en honor a los h\u00e9roes de la independencia"},"content":{"rendered":"\n<p>-Am\u00e9rico Villarreal mont\u00f3 una guardia al pie del monumento erigido en memoria de los h\u00e9roes nacionales<\/p>\n\n\n\n<p>Por: Agencias<\/p>\n\n\n\n<p>Ciudad Victoria, Tamaulipas.- Al conmemorarse el 213 aniversario del inicio de la independencia de M\u00e9xico, el gobernador de Tamaulipas, Am\u00e9rico Villarreal Anaya deposit\u00f3 una ofrenda floral y mont\u00f3 una guardia de honor al pie del monumento erigido en memoria de los h\u00e9roes nacionales.<\/p>\n\n\n\n<p>En un acto c\u00edvico, realizado a las 8 de la ma\u00f1ana en la Plaza de los H\u00e9roes, en esta ciudad capital en el que se dieron cita autoridades estatales y mandos militares, se rindieron los honores al l\u00e1baro patrio que port\u00f3 la escolta integrada por elementos del 77 Batall\u00f3n de Infanter\u00eda.<\/p>\n\n\n\n<p>Posteriormente las y los asistentes entonaron con fervor el Himno Nacional Mexicano y despu\u00e9s el Himno a Tamaulipas en esta solemne ceremonia, previa al inicio del desfile c\u00edvico militar.<\/p>\n\n\n\n<p>Acompa\u00f1aron al gobernador en este evento: Eduardo Abraham Gatt\u00e1s B\u00e1ez, presidente municipal de Ciudad Victoria; general Julio C\u00e9sar Islas S\u00e1nchez, comandante de la 48 Zona Militar; general Francisco Alvarado Ter\u00e1n, coordinador de la Guardia Nacional General; la diputada \u00darsula Patricia Salazar Mojica, presidenta de la Junta de Gobierno del Honorable Congreso del Estado; el diputado Humberto Armando Prieto Herrera, presidente de la Mesa Directiva del Congreso de Tamaulipas y Sergio Hernando Chav\u00e9z Garc\u00eda, secretario de Seguridad P\u00fablica.<\/p>\n\n\n\n<p>De igual manera, asistieron integrantes del cabildo de ciudad Victoria, quienes tambi\u00e9n montaron una guardia de honor y depositaron una ofrenda floral en homenaje a los h\u00e9roes de la independencia.<\/p>\n","protected":false},"excerpt":{"rendered":"<p>-Am\u00e9rico Villarreal mont\u00f3 una guardia al pie del monumento erigido en memoria de los h\u00e9roes nacionales Por: Agencias Ciudad Victoria, Tamaulipas.- Al conmemorarse el 213 aniversario del inicio de la independencia de M\u00e9xico, el gobernador de Tamaulipas, Am\u00e9rico Villarreal Anaya deposit\u00f3 una ofrenda floral y mont\u00f3 una guardia de honor al pie del monumento erigido &hellip;<\/p>\n","protected":false},"author":1,"featured_media":1726,"comment_status":"open","ping_status":"open","sticky":false,"template":"","format":"standard","meta":{"footnotes":""},"categories":[39],"tags":[],"class_list":["post-1725","post","type-post","status-publish","format-standard","has-post-thumbnail","","category-tamaulipas"],"_links":{"self":[{"href":"https:\/\/www.radiointeractivo.com.mx\/index.php?rest_route=\/wp\/v2\/posts\/1725","targetHints":{"allow":["GET"]}}],"collection":[{"href":"https:\/\/www.radiointeractivo.com.mx\/index.php?rest_route=\/wp\/v2\/posts"}],"about":[{"href":"https:\/\/www.radiointeractivo.com.mx\/index.php?rest_route=\/wp\/v2\/types\/post"}],"author":[{"embeddable":true,"href":"https:\/\/www.radiointeractivo.com.mx\/index.php?rest_route=\/wp\/v2\/users\/1"}],"replies":[{"embeddable":true,"href":"https:\/\/www.radiointeractivo.com.mx\/index.php?rest_route=%2Fwp%2Fv2%2Fcomments&post=1725"}],"version-history":[{"count":1,"href":"https:\/\/www.radiointeractivo.com.mx\/index.php?rest_route=\/wp\/v2\/posts\/1725\/revisions"}],"predecessor-version":[{"id":1727,"href":"https:\/\/www.radiointeractivo.com.mx\/index.php?rest_route=\/wp\/v2\/posts\/1725\/revisions\/1727"}],"wp:featuredmedia":[{"embeddable":true,"href":"https:\/\/www.radiointeractivo.com.mx\/index.php?rest_route=\/wp\/v2\/media\/1726"}],"wp:attachment":[{"href":"https:\/\/www.radiointeractivo.com.mx\/index.php?rest_route=%2Fwp%2Fv2%2Fmedia&parent=1725"}],"wp:term":[{"taxonomy":"category","embeddable":true,"href":"https:\/\/www.radiointeractivo.com.mx\/index.php?rest_route=%2Fwp%2Fv2%2Fcategories&post=1725"},{"taxonomy":"post_tag","embeddable":true,"href":"https:\/\/www.radiointeractivo.com.mx\/index.php?rest_route=%2Fwp%2Fv2%2Ftags&post=1725"}],"curies":[{"name":"wp","href":"https:\/\/api.w.org\/{rel}","templated":true}]}}