{"id":17245,"date":"2025-07-10T13:29:31","date_gmt":"2025-07-10T18:29:31","guid":{"rendered":"https:\/\/www.radiointeractivo.com.mx\/?p=17245"},"modified":"2025-07-10T13:29:34","modified_gmt":"2025-07-10T18:29:34","slug":"aprueban-reforma-historica-en-camara-de-diputados-para-fortalecer-la-busqueda-de-personas-desaparecidas","status":"publish","type":"post","link":"https:\/\/www.radiointeractivo.com.mx\/?p=17245","title":{"rendered":"Aprueban reforma hist\u00f3rica en C\u00e1mara de Diputados para fortalecer la b\u00fasqueda de personas desaparecidas"},"content":{"rendered":"\n<figure class=\"wp-block-image size-large\"><img loading=\"lazy\" decoding=\"async\" width=\"1024\" height=\"682\" src=\"https:\/\/www.radiointeractivo.com.mx\/wp-content\/uploads\/2025\/07\/WhatsApp-Image-2025-07-10-at-11.46.44-AM-1024x682.jpeg\" alt=\"\" class=\"wp-image-17246\" srcset=\"https:\/\/www.radiointeractivo.com.mx\/wp-content\/uploads\/2025\/07\/WhatsApp-Image-2025-07-10-at-11.46.44-AM-1024x682.jpeg 1024w, https:\/\/www.radiointeractivo.com.mx\/wp-content\/uploads\/2025\/07\/WhatsApp-Image-2025-07-10-at-11.46.44-AM-300x200.jpeg 300w, https:\/\/www.radiointeractivo.com.mx\/wp-content\/uploads\/2025\/07\/WhatsApp-Image-2025-07-10-at-11.46.44-AM-768x512.jpeg 768w, https:\/\/www.radiointeractivo.com.mx\/wp-content\/uploads\/2025\/07\/WhatsApp-Image-2025-07-10-at-11.46.44-AM-1536x1023.jpeg 1536w, https:\/\/www.radiointeractivo.com.mx\/wp-content\/uploads\/2025\/07\/WhatsApp-Image-2025-07-10-at-11.46.44-AM-310x205.jpeg 310w, https:\/\/www.radiointeractivo.com.mx\/wp-content\/uploads\/2025\/07\/WhatsApp-Image-2025-07-10-at-11.46.44-AM.jpeg 1600w\" sizes=\"auto, (max-width: 1024px) 100vw, 1024px\" \/><\/figure>\n\n\n\n<p>Por: Staff | #NuevoLaredo #Laredo #NLD #Tamaulipas<\/p>\n\n\n\n<p>Ciudad de M\u00e9xico.- La C\u00e1mara de Diputados aprob\u00f3 una reforma de alto impacto que busca fortalecer los mecanismos de b\u00fasqueda, localizaci\u00f3n e identificaci\u00f3n de personas desaparecidas en M\u00e9xico. Se trata de modificaciones a la Ley General en Materia de Desaparici\u00f3n Forzada de Personas, la Ley General de Poblaci\u00f3n y al Sistema Nacional de B\u00fasqueda de Personas.<\/p>\n\n\n\n<p>El diputado federal por Tamaulipas, Carlos Canturosas Villarreal, respald\u00f3 la iniciativa al considerarla un paso crucial para atender una de las crisis humanitarias m\u00e1s urgentes del pa\u00eds.<\/p>\n\n\n\n<p>&#8220;Esta reforma es un acto de justicia para miles de familias que no han dejado de buscar a sus seres queridos. Desde la Cuarta Transformaci\u00f3n estamos construyendo un Estado m\u00e1s humano, con instituciones m\u00e1s eficaces, comprometidas con la verdad y con la dignidad de las v\u00edctimas&#8221;, afirm\u00f3 el legislador.<\/p>\n\n\n\n<p>Entre los puntos centrales de la reforma destaca la creaci\u00f3n de una Plataforma \u00danica de Identidad, que conectar\u00e1 diversos registros como el de Personas Desaparecidas, el Banco Nacional de Datos Forenses y otros sistemas, utilizando la CURP como identificador \u00fanico. Esta medida pretende optimizar los procesos de b\u00fasqueda mediante un sistema interconectado.<\/p>\n\n\n\n<p>Asimismo, se establece la obligaci\u00f3n para autoridades y particulares de proporcionar informaci\u00f3n biom\u00e9trica y de identificaci\u00f3n a la Fiscal\u00eda General de la Rep\u00fablica, fiscal\u00edas estatales e instituciones de seguridad, con fines de localizaci\u00f3n.<\/p>\n\n\n\n<p>Otro avance significativo es la incorporaci\u00f3n formal de la Ficha de B\u00fasqueda, en formato f\u00edsico y digital, que deber\u00e1 incluir datos esenciales de la persona desaparecida. Tambi\u00e9n se contempla la creaci\u00f3n de la Base Nacional de Carpetas de Investigaci\u00f3n sobre personas desaparecidas y no localizadas, lo que permitir\u00e1 un mayor control y seguimiento de los casos.<\/p>\n\n\n\n<p>La reforma contempla adem\u00e1s el fortalecimiento de las Fiscal\u00edas Especializadas en desaparici\u00f3n, que deber\u00e1n contar con personal certificado y capacitado espec\u00edficamente para investigar estos delitos.<\/p>\n\n\n\n<p>Finalmente, se establece que la CURP ser\u00e1 la \u00fanica fuente oficial de identidad, misma que deber\u00e1 incluir datos biom\u00e9tricos, consolidando as\u00ed un nuevo sistema nacional de identificaci\u00f3n.<\/p>\n\n\n\n<p>El legislador tamaulipeco remarc\u00f3 que esta legislaci\u00f3n representa no solo una respuesta institucional, sino tambi\u00e9n un respaldo y acompa\u00f1amiento para las familias afectadas: &#8220;Sabemos que no es un tema nuevo, pero con esta ley se espera avanzar significativamente en la prevenci\u00f3n, atenci\u00f3n y protecci\u00f3n de posibles v\u00edctimas&#8221;, concluy\u00f3 Canturosas.<\/p>\n\n\n\n<p>La reforma ha sido considerada por diversos sectores como un paso hist\u00f3rico en la lucha contra la desaparici\u00f3n de personas en el pa\u00eds.<\/p>\n","protected":false},"excerpt":{"rendered":"<p>Por: Staff | #NuevoLaredo #Laredo #NLD #Tamaulipas Ciudad de M\u00e9xico.- La C\u00e1mara de Diputados aprob\u00f3 una reforma de alto impacto que busca fortalecer los mecanismos de b\u00fasqueda, localizaci\u00f3n e identificaci\u00f3n de personas desaparecidas en M\u00e9xico. Se trata de modificaciones a la Ley General en Materia de Desaparici\u00f3n Forzada de Personas, la Ley General de Poblaci\u00f3n &hellip;<\/p>\n","protected":false},"author":1,"featured_media":17246,"comment_status":"open","ping_status":"open","sticky":false,"template":"","format":"standard","meta":{"footnotes":""},"categories":[38],"tags":[],"class_list":["post-17245","post","type-post","status-publish","format-standard","has-post-thumbnail","","category-nuevo-laredo"],"_links":{"self":[{"href":"https:\/\/www.radiointeractivo.com.mx\/index.php?rest_route=\/wp\/v2\/posts\/17245","targetHints":{"allow":["GET"]}}],"collection":[{"href":"https:\/\/www.radiointeractivo.com.mx\/index.php?rest_route=\/wp\/v2\/posts"}],"about":[{"href":"https:\/\/www.radiointeractivo.com.mx\/index.php?rest_route=\/wp\/v2\/types\/post"}],"author":[{"embeddable":true,"href":"https:\/\/www.radiointeractivo.com.mx\/index.php?rest_route=\/wp\/v2\/users\/1"}],"replies":[{"embeddable":true,"href":"https:\/\/www.radiointeractivo.com.mx\/index.php?rest_route=%2Fwp%2Fv2%2Fcomments&post=17245"}],"version-history":[{"count":1,"href":"https:\/\/www.radiointeractivo.com.mx\/index.php?rest_route=\/wp\/v2\/posts\/17245\/revisions"}],"predecessor-version":[{"id":17247,"href":"https:\/\/www.radiointeractivo.com.mx\/index.php?rest_route=\/wp\/v2\/posts\/17245\/revisions\/17247"}],"wp:featuredmedia":[{"embeddable":true,"href":"https:\/\/www.radiointeractivo.com.mx\/index.php?rest_route=\/wp\/v2\/media\/17246"}],"wp:attachment":[{"href":"https:\/\/www.radiointeractivo.com.mx\/index.php?rest_route=%2Fwp%2Fv2%2Fmedia&parent=17245"}],"wp:term":[{"taxonomy":"category","embeddable":true,"href":"https:\/\/www.radiointeractivo.com.mx\/index.php?rest_route=%2Fwp%2Fv2%2Fcategories&post=17245"},{"taxonomy":"post_tag","embeddable":true,"href":"https:\/\/www.radiointeractivo.com.mx\/index.php?rest_route=%2Fwp%2Fv2%2Ftags&post=17245"}],"curies":[{"name":"wp","href":"https:\/\/api.w.org\/{rel}","templated":true}]}}