{"id":17238,"date":"2025-07-09T17:19:42","date_gmt":"2025-07-09T22:19:42","guid":{"rendered":"https:\/\/www.radiointeractivo.com.mx\/?p=17238"},"modified":"2025-07-09T17:19:47","modified_gmt":"2025-07-09T22:19:47","slug":"dif-nuevo-laredo-formaliza-la-union-de-83-parejas-en-campana-de-matrimonios-gratuitos","status":"publish","type":"post","link":"https:\/\/www.radiointeractivo.com.mx\/?p=17238","title":{"rendered":"DIF Nuevo Laredo formaliza la uni\u00f3n de 83 parejas en campa\u00f1a de matrimonios gratuitos"},"content":{"rendered":"\n<figure class=\"wp-block-image size-large\"><img loading=\"lazy\" decoding=\"async\" width=\"1024\" height=\"646\" src=\"https:\/\/www.radiointeractivo.com.mx\/wp-content\/uploads\/2025\/07\/WhatsApp-Image-2025-07-09-at-3.48.36-PM-1024x646.jpeg\" alt=\"\" class=\"wp-image-17239\" srcset=\"https:\/\/www.radiointeractivo.com.mx\/wp-content\/uploads\/2025\/07\/WhatsApp-Image-2025-07-09-at-3.48.36-PM-1024x646.jpeg 1024w, https:\/\/www.radiointeractivo.com.mx\/wp-content\/uploads\/2025\/07\/WhatsApp-Image-2025-07-09-at-3.48.36-PM-300x189.jpeg 300w, https:\/\/www.radiointeractivo.com.mx\/wp-content\/uploads\/2025\/07\/WhatsApp-Image-2025-07-09-at-3.48.36-PM-768x485.jpeg 768w, https:\/\/www.radiointeractivo.com.mx\/wp-content\/uploads\/2025\/07\/WhatsApp-Image-2025-07-09-at-3.48.36-PM.jpeg 1280w\" sizes=\"auto, (max-width: 1024px) 100vw, 1024px\" \/><\/figure>\n\n\n\n<p>Por: Staff | #NuevoLaredo #Laredo #NLD #Tamaulipas<\/p>\n\n\n\n<p>Nuevo Laredo, Tamps.- Con el objetivo de fortalecer la uni\u00f3n familiar y brindar certeza jur\u00eddica a las parejas neolaredenses, el Sistema DIF Nuevo Laredo celebr\u00f3 la segunda Campa\u00f1a de Matrimonios Colectivos del a\u00f1o, en la que 83 parejas contrajeron matrimonio de manera gratuita.<\/p>\n\n\n\n<p>El evento se llev\u00f3 a cabo en un ambiente festivo y fue encabezado por autoridades estatales y municipales. Las parejas recibieron sus actas de matrimonio en una ceremonia simb\u00f3lica, resultado de un esfuerzo conjunto entre el Gobierno del Estado de Tamaulipas, a trav\u00e9s del Registro Civil, el DIF Tamaulipas, el Gobierno Municipal y el DIF de esta ciudad.<\/p>\n\n\n\n<p>Jorge Alberto Galv\u00e1n Garc\u00e9s, procurador de Protecci\u00f3n de Ni\u00f1as, Ni\u00f1os, Adolescentes y Familias del DIF Tamaulipas, acudi\u00f3 en representaci\u00f3n de la presidenta del sistema estatal, Dra. Mar\u00eda de Villarreal. Durante su mensaje, destac\u00f3 el compromiso del DIF con la consolidaci\u00f3n de las familias:<br>&#8220;Esta gran campa\u00f1a es el reflejo del trabajo que realiza el Sistema DIF por la uni\u00f3n familiar. Las pol\u00edticas estatales y locales tienen un mismo inter\u00e9s: la familia&#8221;, expres\u00f3.<\/p>\n\n\n\n<p>La presidenta del Sistema DIF Nuevo Laredo, Claudette Canturosas Villarreal, celebr\u00f3 la participaci\u00f3n de las parejas y reafirm\u00f3 el compromiso de la instituci\u00f3n con el bienestar familiar:<br>&#8220;Trabajamos cada d\u00eda para que m\u00e1s familias vivan con bienestar y esperanza. Hoy demuestran que el amor siempre encuentra el camino, incluso en los momentos m\u00e1s dif\u00edciles&#8221;, declar\u00f3.<\/p>\n\n\n\n<p>Canturosas tambi\u00e9n subray\u00f3 que el respaldo de la presidenta municipal, Carmen Lilia Canturosas Villarreal, ha sido clave para reforzar los programas sociales y garantizar su alcance a quienes m\u00e1s lo necesitan.<\/p>\n\n\n\n<p>Como parte del festejo, el DIF organiz\u00f3 una recepci\u00f3n con cena, m\u00fasica y una rifa de art\u00edculos para el hogar, como salas, comedores, estufas y lavadoras, en reconocimiento a este importante paso en la vida de las nuevas familias.<\/p>\n\n\n\n<p>Durante la ceremonia, la Lic. Erika de Le\u00f3n Rivera, Oficial Primero del Registro Civil de Nuevo Laredo, formaliz\u00f3 la entrega de las actas de matrimonio. Tambi\u00e9n estuvieron presentes el director general del DIF local, Ing. Roberto Viviano V\u00e1zquez Mac\u00edas; el procurador municipal del DIF, Lic. Sergio Salazar; y otros funcionarios del Registro Civil.<\/p>\n\n\n\n<p>En lo que va de 2025, un total de 167 parejas han contra\u00eddo matrimonio a trav\u00e9s de estas campa\u00f1as. El programa se mantiene con registro permanente, permitiendo beneficiar a m\u00e1s familias e impulsar los valores de uni\u00f3n y compromiso en la comunidad neolaredense.<\/p>\n","protected":false},"excerpt":{"rendered":"<p>Por: Staff | #NuevoLaredo #Laredo #NLD #Tamaulipas Nuevo Laredo, Tamps.- Con el objetivo de fortalecer la uni\u00f3n familiar y brindar certeza jur\u00eddica a las parejas neolaredenses, el Sistema DIF Nuevo Laredo celebr\u00f3 la segunda Campa\u00f1a de Matrimonios Colectivos del a\u00f1o, en la que 83 parejas contrajeron matrimonio de manera gratuita. El evento se llev\u00f3 a &hellip;<\/p>\n","protected":false},"author":1,"featured_media":17239,"comment_status":"open","ping_status":"open","sticky":false,"template":"","format":"standard","meta":{"footnotes":""},"categories":[38],"tags":[],"class_list":["post-17238","post","type-post","status-publish","format-standard","has-post-thumbnail","","category-nuevo-laredo"],"_links":{"self":[{"href":"https:\/\/www.radiointeractivo.com.mx\/index.php?rest_route=\/wp\/v2\/posts\/17238","targetHints":{"allow":["GET"]}}],"collection":[{"href":"https:\/\/www.radiointeractivo.com.mx\/index.php?rest_route=\/wp\/v2\/posts"}],"about":[{"href":"https:\/\/www.radiointeractivo.com.mx\/index.php?rest_route=\/wp\/v2\/types\/post"}],"author":[{"embeddable":true,"href":"https:\/\/www.radiointeractivo.com.mx\/index.php?rest_route=\/wp\/v2\/users\/1"}],"replies":[{"embeddable":true,"href":"https:\/\/www.radiointeractivo.com.mx\/index.php?rest_route=%2Fwp%2Fv2%2Fcomments&post=17238"}],"version-history":[{"count":1,"href":"https:\/\/www.radiointeractivo.com.mx\/index.php?rest_route=\/wp\/v2\/posts\/17238\/revisions"}],"predecessor-version":[{"id":17240,"href":"https:\/\/www.radiointeractivo.com.mx\/index.php?rest_route=\/wp\/v2\/posts\/17238\/revisions\/17240"}],"wp:featuredmedia":[{"embeddable":true,"href":"https:\/\/www.radiointeractivo.com.mx\/index.php?rest_route=\/wp\/v2\/media\/17239"}],"wp:attachment":[{"href":"https:\/\/www.radiointeractivo.com.mx\/index.php?rest_route=%2Fwp%2Fv2%2Fmedia&parent=17238"}],"wp:term":[{"taxonomy":"category","embeddable":true,"href":"https:\/\/www.radiointeractivo.com.mx\/index.php?rest_route=%2Fwp%2Fv2%2Fcategories&post=17238"},{"taxonomy":"post_tag","embeddable":true,"href":"https:\/\/www.radiointeractivo.com.mx\/index.php?rest_route=%2Fwp%2Fv2%2Ftags&post=17238"}],"curies":[{"name":"wp","href":"https:\/\/api.w.org\/{rel}","templated":true}]}}