{"id":17235,"date":"2025-07-09T14:25:03","date_gmt":"2025-07-09T19:25:03","guid":{"rendered":"https:\/\/www.radiointeractivo.com.mx\/?p=17235"},"modified":"2025-07-09T14:25:05","modified_gmt":"2025-07-09T19:25:05","slug":"impulsa-gobierno-municipal-la-economia-local-con-el-evento-cadena-de-suministros-2025","status":"publish","type":"post","link":"https:\/\/www.radiointeractivo.com.mx\/?p=17235","title":{"rendered":"Impulsa Gobierno Municipal la econom\u00eda local con el evento \u201cCadena de Suministros 2025\u201d"},"content":{"rendered":"\n<figure class=\"wp-block-image size-large\"><img loading=\"lazy\" decoding=\"async\" width=\"1024\" height=\"768\" src=\"https:\/\/www.radiointeractivo.com.mx\/wp-content\/uploads\/2025\/07\/WhatsApp-Image-2025-07-09-at-12.18.14-PM-1024x768.jpeg\" alt=\"\" class=\"wp-image-17236\" srcset=\"https:\/\/www.radiointeractivo.com.mx\/wp-content\/uploads\/2025\/07\/WhatsApp-Image-2025-07-09-at-12.18.14-PM-1024x768.jpeg 1024w, https:\/\/www.radiointeractivo.com.mx\/wp-content\/uploads\/2025\/07\/WhatsApp-Image-2025-07-09-at-12.18.14-PM-300x225.jpeg 300w, https:\/\/www.radiointeractivo.com.mx\/wp-content\/uploads\/2025\/07\/WhatsApp-Image-2025-07-09-at-12.18.14-PM-768x576.jpeg 768w, https:\/\/www.radiointeractivo.com.mx\/wp-content\/uploads\/2025\/07\/WhatsApp-Image-2025-07-09-at-12.18.14-PM-1536x1152.jpeg 1536w, https:\/\/www.radiointeractivo.com.mx\/wp-content\/uploads\/2025\/07\/WhatsApp-Image-2025-07-09-at-12.18.14-PM.jpeg 1600w\" sizes=\"auto, (max-width: 1024px) 100vw, 1024px\" \/><\/figure>\n\n\n\n<p>Por: Staff | #NuevoLaredo #Laredo #NLD #Tamaulipas<\/p>\n\n\n\n<p>Nuevo Laredo, Tamps.- Con el prop\u00f3sito de fortalecer la proveedur\u00eda local y fomentar el crecimiento de peque\u00f1as y medianas empresas, el Gobierno Municipal de Nuevo Laredo llev\u00f3 a cabo el evento Cadena de Suministros 2025, una estrategia impulsada por la Secretar\u00eda de Desarrollo Econ\u00f3mico, a trav\u00e9s de la Direcci\u00f3n de Comercio, Empleo y PYMES.<\/p>\n\n\n\n<p>La actividad tuvo lugar en el lobby de Estaci\u00f3n Palabra, donde se reunieron 45 proveedores locales con representantes del sector restaurantero, en un ejercicio de vinculaci\u00f3n directa dise\u00f1ado para fomentar el consumo de productos y servicios de origen local.<\/p>\n\n\n\n<p>Osiris Peinado Rubio, directora de Comercio y PYMES, se\u00f1al\u00f3 que este programa responde a una instrucci\u00f3n de la presidenta municipal Carmen Lilia Canturosas Villarreal, enfocada en conectar a los proveedores neolaredenses con grandes cadenas de valor, particularmente en esta edici\u00f3n, con el giro restaurantero.<\/p>\n\n\n\n<p>\u201cEl objetivo es fortalecer las habilidades comerciales de los productores locales y abrirles espacios para generar alianzas estrat\u00e9gicas\u201d, explic\u00f3 la funcionaria, quien destac\u00f3 la importancia de estos encuentros para dinamizar la econom\u00eda de la ciudad.<\/p>\n\n\n\n<p>Adolfo Tena Barraza, coordinador del programa, detall\u00f3 que la din\u00e1mica consisti\u00f3 en propiciar un di\u00e1logo cara a cara entre proveedores y empresarios del sector gastron\u00f3mico, permitiendo que los asistentes presentaran directamente sus productos y servicios.<\/p>\n\n\n\n<p>\u201cEl enfoque es claro: abrir puertas y fomentar la compra local\u201d, indic\u00f3 Tena Barraza, subrayando que esta edici\u00f3n reuni\u00f3 a proveedores de diversos rubros con potencial para integrarse a la cadena de suministro del sector restaurantero.<\/p>\n\n\n\n<p>El evento fue valorado como una plataforma clave para fortalecer la econom\u00eda regional, diversificar el mercado local y consolidar redes de colaboraci\u00f3n entre empresas de distintos tama\u00f1os.<\/p>\n","protected":false},"excerpt":{"rendered":"<p>Por: Staff | #NuevoLaredo #Laredo #NLD #Tamaulipas Nuevo Laredo, Tamps.- Con el prop\u00f3sito de fortalecer la proveedur\u00eda local y fomentar el crecimiento de peque\u00f1as y medianas empresas, el Gobierno Municipal de Nuevo Laredo llev\u00f3 a cabo el evento Cadena de Suministros 2025, una estrategia impulsada por la Secretar\u00eda de Desarrollo Econ\u00f3mico, a trav\u00e9s de la &hellip;<\/p>\n","protected":false},"author":1,"featured_media":17236,"comment_status":"open","ping_status":"open","sticky":false,"template":"","format":"standard","meta":{"footnotes":""},"categories":[38],"tags":[],"class_list":["post-17235","post","type-post","status-publish","format-standard","has-post-thumbnail","","category-nuevo-laredo"],"_links":{"self":[{"href":"https:\/\/www.radiointeractivo.com.mx\/index.php?rest_route=\/wp\/v2\/posts\/17235","targetHints":{"allow":["GET"]}}],"collection":[{"href":"https:\/\/www.radiointeractivo.com.mx\/index.php?rest_route=\/wp\/v2\/posts"}],"about":[{"href":"https:\/\/www.radiointeractivo.com.mx\/index.php?rest_route=\/wp\/v2\/types\/post"}],"author":[{"embeddable":true,"href":"https:\/\/www.radiointeractivo.com.mx\/index.php?rest_route=\/wp\/v2\/users\/1"}],"replies":[{"embeddable":true,"href":"https:\/\/www.radiointeractivo.com.mx\/index.php?rest_route=%2Fwp%2Fv2%2Fcomments&post=17235"}],"version-history":[{"count":1,"href":"https:\/\/www.radiointeractivo.com.mx\/index.php?rest_route=\/wp\/v2\/posts\/17235\/revisions"}],"predecessor-version":[{"id":17237,"href":"https:\/\/www.radiointeractivo.com.mx\/index.php?rest_route=\/wp\/v2\/posts\/17235\/revisions\/17237"}],"wp:featuredmedia":[{"embeddable":true,"href":"https:\/\/www.radiointeractivo.com.mx\/index.php?rest_route=\/wp\/v2\/media\/17236"}],"wp:attachment":[{"href":"https:\/\/www.radiointeractivo.com.mx\/index.php?rest_route=%2Fwp%2Fv2%2Fmedia&parent=17235"}],"wp:term":[{"taxonomy":"category","embeddable":true,"href":"https:\/\/www.radiointeractivo.com.mx\/index.php?rest_route=%2Fwp%2Fv2%2Fcategories&post=17235"},{"taxonomy":"post_tag","embeddable":true,"href":"https:\/\/www.radiointeractivo.com.mx\/index.php?rest_route=%2Fwp%2Fv2%2Ftags&post=17235"}],"curies":[{"name":"wp","href":"https:\/\/api.w.org\/{rel}","templated":true}]}}