{"id":17232,"date":"2025-07-09T14:10:59","date_gmt":"2025-07-09T19:10:59","guid":{"rendered":"https:\/\/www.radiointeractivo.com.mx\/?p=17232"},"modified":"2025-07-09T14:11:01","modified_gmt":"2025-07-09T19:11:01","slug":"gobierno-municipal-acercara-servicios-publicos-a-villas-del-sol-con-jornada-presidencia-cerquita-de-ti","status":"publish","type":"post","link":"https:\/\/www.radiointeractivo.com.mx\/?p=17232","title":{"rendered":"Gobierno Municipal acercar\u00e1 servicios p\u00fablicos a Villas del Sol con jornada \u201cPresidencia Cerquita de Ti\u201d"},"content":{"rendered":"\n<figure class=\"wp-block-image size-large\"><img loading=\"lazy\" decoding=\"async\" width=\"1024\" height=\"682\" src=\"https:\/\/www.radiointeractivo.com.mx\/wp-content\/uploads\/2025\/07\/WhatsApp-Image-2025-07-09-at-12.16.42-PM-1024x682.jpeg\" alt=\"\" class=\"wp-image-17233\" srcset=\"https:\/\/www.radiointeractivo.com.mx\/wp-content\/uploads\/2025\/07\/WhatsApp-Image-2025-07-09-at-12.16.42-PM-1024x682.jpeg 1024w, https:\/\/www.radiointeractivo.com.mx\/wp-content\/uploads\/2025\/07\/WhatsApp-Image-2025-07-09-at-12.16.42-PM-300x200.jpeg 300w, https:\/\/www.radiointeractivo.com.mx\/wp-content\/uploads\/2025\/07\/WhatsApp-Image-2025-07-09-at-12.16.42-PM-768x512.jpeg 768w, https:\/\/www.radiointeractivo.com.mx\/wp-content\/uploads\/2025\/07\/WhatsApp-Image-2025-07-09-at-12.16.42-PM-1536x1023.jpeg 1536w, https:\/\/www.radiointeractivo.com.mx\/wp-content\/uploads\/2025\/07\/WhatsApp-Image-2025-07-09-at-12.16.42-PM-310x205.jpeg 310w, https:\/\/www.radiointeractivo.com.mx\/wp-content\/uploads\/2025\/07\/WhatsApp-Image-2025-07-09-at-12.16.42-PM.jpeg 1600w\" sizes=\"auto, (max-width: 1024px) 100vw, 1024px\" \/><\/figure>\n\n\n\n<p>Por: Staff | #NuevoLaredo #Laredo #NLD #Tamaulipas<\/p>\n\n\n\n<p>Nuevo Laredo, Tamps.- El Gobierno Municipal de Nuevo Laredo realizar\u00e1 una nueva edici\u00f3n del programa Presidencia Cerquita de Ti este jueves 10 de julio en la colonia Villas del Sol, tambi\u00e9n conocida como Casas Geo, con el objetivo de acercar servicios p\u00fablicos esenciales a las familias del sector.<\/p>\n\n\n\n<p>La jornada se llevar\u00e1 a cabo de 9:00 de la ma\u00f1ana a 2:00 de la tarde en el predio ubicado sobre Avenida del Sol, entre Cometa y Sat\u00e9lite, donde se ofrecer\u00e1n diversos servicios gratuitos para la comunidad.<\/p>\n\n\n\n<p>Entre los apoyos que estar\u00e1n disponibles se encuentran consultas m\u00e9dicas generales, dentales, nutricionales, psicol\u00f3gicas y ginecol\u00f3gicas; adem\u00e1s de asesor\u00eda legal, orientaci\u00f3n ciudadana y tr\u00e1mites municipales como pagos, reportes, convenios y denuncias.<\/p>\n\n\n\n<p>Tambi\u00e9n se contar\u00e1 con servicios del Sistema DIF, tales como gesti\u00f3n de credenciales para personas con discapacidad, atenci\u00f3n jur\u00eddica y trabajo social. La jornada incluir\u00e1 corte de cabello gratuito, entrega de apoyos alimentarios, informaci\u00f3n sobre programas sociales, actividades deportivas y talleres culturales.<\/p>\n\n\n\n<p>Con esta iniciativa, la administraci\u00f3n municipal que encabeza Carmen Lilia Canturosas Villarreal busca facilitar el acceso de la ciudadan\u00eda a servicios p\u00fablicos y fomentar el bienestar comunitario a trav\u00e9s de la atenci\u00f3n directa en las colonias.<\/p>\n","protected":false},"excerpt":{"rendered":"<p>Por: Staff | #NuevoLaredo #Laredo #NLD #Tamaulipas Nuevo Laredo, Tamps.- El Gobierno Municipal de Nuevo Laredo realizar\u00e1 una nueva edici\u00f3n del programa Presidencia Cerquita de Ti este jueves 10 de julio en la colonia Villas del Sol, tambi\u00e9n conocida como Casas Geo, con el objetivo de acercar servicios p\u00fablicos esenciales a las familias del sector. &hellip;<\/p>\n","protected":false},"author":1,"featured_media":17233,"comment_status":"open","ping_status":"open","sticky":false,"template":"","format":"standard","meta":{"footnotes":""},"categories":[38],"tags":[],"class_list":["post-17232","post","type-post","status-publish","format-standard","has-post-thumbnail","","category-nuevo-laredo"],"_links":{"self":[{"href":"https:\/\/www.radiointeractivo.com.mx\/index.php?rest_route=\/wp\/v2\/posts\/17232","targetHints":{"allow":["GET"]}}],"collection":[{"href":"https:\/\/www.radiointeractivo.com.mx\/index.php?rest_route=\/wp\/v2\/posts"}],"about":[{"href":"https:\/\/www.radiointeractivo.com.mx\/index.php?rest_route=\/wp\/v2\/types\/post"}],"author":[{"embeddable":true,"href":"https:\/\/www.radiointeractivo.com.mx\/index.php?rest_route=\/wp\/v2\/users\/1"}],"replies":[{"embeddable":true,"href":"https:\/\/www.radiointeractivo.com.mx\/index.php?rest_route=%2Fwp%2Fv2%2Fcomments&post=17232"}],"version-history":[{"count":1,"href":"https:\/\/www.radiointeractivo.com.mx\/index.php?rest_route=\/wp\/v2\/posts\/17232\/revisions"}],"predecessor-version":[{"id":17234,"href":"https:\/\/www.radiointeractivo.com.mx\/index.php?rest_route=\/wp\/v2\/posts\/17232\/revisions\/17234"}],"wp:featuredmedia":[{"embeddable":true,"href":"https:\/\/www.radiointeractivo.com.mx\/index.php?rest_route=\/wp\/v2\/media\/17233"}],"wp:attachment":[{"href":"https:\/\/www.radiointeractivo.com.mx\/index.php?rest_route=%2Fwp%2Fv2%2Fmedia&parent=17232"}],"wp:term":[{"taxonomy":"category","embeddable":true,"href":"https:\/\/www.radiointeractivo.com.mx\/index.php?rest_route=%2Fwp%2Fv2%2Fcategories&post=17232"},{"taxonomy":"post_tag","embeddable":true,"href":"https:\/\/www.radiointeractivo.com.mx\/index.php?rest_route=%2Fwp%2Fv2%2Ftags&post=17232"}],"curies":[{"name":"wp","href":"https:\/\/api.w.org\/{rel}","templated":true}]}}