{"id":17085,"date":"2025-06-26T15:42:29","date_gmt":"2025-06-26T20:42:29","guid":{"rendered":"https:\/\/www.radiointeractivo.com.mx\/?p=17085"},"modified":"2025-06-26T15:42:31","modified_gmt":"2025-06-26T20:42:31","slug":"todo-listo-para-una-nueva-edicion-de-presidencia-cerquita-de-ti-en-la-colonia-colinas-del-sur","status":"publish","type":"post","link":"https:\/\/www.radiointeractivo.com.mx\/?p=17085","title":{"rendered":"TODO LISTO PARA UNA NUEVA EDICI\u00d3N DE PRESIDENCIA CERQUITA DE TI EN LA COLONIA COLINAS DEL SUR"},"content":{"rendered":"\n<figure class=\"wp-block-image size-large\"><img loading=\"lazy\" decoding=\"async\" width=\"1024\" height=\"682\" src=\"https:\/\/www.radiointeractivo.com.mx\/wp-content\/uploads\/2025\/06\/WhatsApp-Image-2025-06-26-at-11.45.30-AM-1024x682.jpeg\" alt=\"\" class=\"wp-image-17086\" srcset=\"https:\/\/www.radiointeractivo.com.mx\/wp-content\/uploads\/2025\/06\/WhatsApp-Image-2025-06-26-at-11.45.30-AM-1024x682.jpeg 1024w, https:\/\/www.radiointeractivo.com.mx\/wp-content\/uploads\/2025\/06\/WhatsApp-Image-2025-06-26-at-11.45.30-AM-300x200.jpeg 300w, https:\/\/www.radiointeractivo.com.mx\/wp-content\/uploads\/2025\/06\/WhatsApp-Image-2025-06-26-at-11.45.30-AM-768x512.jpeg 768w, https:\/\/www.radiointeractivo.com.mx\/wp-content\/uploads\/2025\/06\/WhatsApp-Image-2025-06-26-at-11.45.30-AM-1536x1023.jpeg 1536w, https:\/\/www.radiointeractivo.com.mx\/wp-content\/uploads\/2025\/06\/WhatsApp-Image-2025-06-26-at-11.45.30-AM-310x205.jpeg 310w, https:\/\/www.radiointeractivo.com.mx\/wp-content\/uploads\/2025\/06\/WhatsApp-Image-2025-06-26-at-11.45.30-AM.jpeg 1600w\" sizes=\"auto, (max-width: 1024px) 100vw, 1024px\" \/><\/figure>\n\n\n\n<p>Por: Staff | #NuevoLaredo #Laredo #NLD #Tamaulipas<\/p>\n\n\n\n<p>Este viernes 27 de junio, el Gobierno Municipal de Nuevo Laredo llevar\u00e1 a cabo una nueva edici\u00f3n del programa Presidencia Cerquita de Ti, con el objetivo de acercar servicios esenciales y atenci\u00f3n directa a los vecinos de la colonia Colinas del Sur.<\/p>\n\n\n\n<p>La jornada se realizar\u00e1 de 9:00 de la ma\u00f1ana a 2:00 de la tarde, en la rotonda ubicada en Sierra Madre del Sur esquina con Bulevar Revoluci\u00f3n, donde las familias podr\u00e1n acceder de forma gratuita a m\u00faltiples servicios gubernamentales.<\/p>\n\n\n\n<p>Entre los apoyos disponibles destacan:<\/p>\n\n\n\n<p>Consultas m\u00e9dicas generales, dentales, nutricionales, psicol\u00f3gicas y ginecol\u00f3gicas<\/p>\n\n\n\n<p>Brigadas de salud para toda la comunidad<\/p>\n\n\n\n<p>Audiencia ciudadana con diversas dependencias municipales<\/p>\n\n\n\n<p>Tr\u00e1mites como pagos, reportes, denuncias, asesor\u00eda legal y revisi\u00f3n de convenios<\/p>\n\n\n\n<p>Corte de cabello gratuito<\/p>\n\n\n\n<p>Registro y entrega de apoyos alimentarios<\/p>\n\n\n\n<p>Servicios del Sistema DIF, como tr\u00e1mites de credenciales para personas con discapacidad, \u00e1rea jur\u00eddica y trabajo social<\/p>\n\n\n\n<p>Informaci\u00f3n sobre talleres culturales, actividades deportivas y programas sociales<\/p>\n\n\n\n<p>Con esta acci\u00f3n, el Gobierno de Nuevo Laredo, encabezado por la presidenta municipal Carmen Lilia Canturosas Villarreal, reafirma su compromiso de estar cerca de las familias, facilitando el acceso a servicios de salud, atenci\u00f3n ciudadana y bienestar comunitario en cada rinc\u00f3n de la ciudad.<\/p>\n","protected":false},"excerpt":{"rendered":"<p>Por: Staff | #NuevoLaredo #Laredo #NLD #Tamaulipas Este viernes 27 de junio, el Gobierno Municipal de Nuevo Laredo llevar\u00e1 a cabo una nueva edici\u00f3n del programa Presidencia Cerquita de Ti, con el objetivo de acercar servicios esenciales y atenci\u00f3n directa a los vecinos de la colonia Colinas del Sur. La jornada se realizar\u00e1 de 9:00 &hellip;<\/p>\n","protected":false},"author":1,"featured_media":17086,"comment_status":"open","ping_status":"open","sticky":false,"template":"","format":"standard","meta":{"footnotes":""},"categories":[38],"tags":[],"class_list":["post-17085","post","type-post","status-publish","format-standard","has-post-thumbnail","","category-nuevo-laredo"],"_links":{"self":[{"href":"https:\/\/www.radiointeractivo.com.mx\/index.php?rest_route=\/wp\/v2\/posts\/17085","targetHints":{"allow":["GET"]}}],"collection":[{"href":"https:\/\/www.radiointeractivo.com.mx\/index.php?rest_route=\/wp\/v2\/posts"}],"about":[{"href":"https:\/\/www.radiointeractivo.com.mx\/index.php?rest_route=\/wp\/v2\/types\/post"}],"author":[{"embeddable":true,"href":"https:\/\/www.radiointeractivo.com.mx\/index.php?rest_route=\/wp\/v2\/users\/1"}],"replies":[{"embeddable":true,"href":"https:\/\/www.radiointeractivo.com.mx\/index.php?rest_route=%2Fwp%2Fv2%2Fcomments&post=17085"}],"version-history":[{"count":1,"href":"https:\/\/www.radiointeractivo.com.mx\/index.php?rest_route=\/wp\/v2\/posts\/17085\/revisions"}],"predecessor-version":[{"id":17087,"href":"https:\/\/www.radiointeractivo.com.mx\/index.php?rest_route=\/wp\/v2\/posts\/17085\/revisions\/17087"}],"wp:featuredmedia":[{"embeddable":true,"href":"https:\/\/www.radiointeractivo.com.mx\/index.php?rest_route=\/wp\/v2\/media\/17086"}],"wp:attachment":[{"href":"https:\/\/www.radiointeractivo.com.mx\/index.php?rest_route=%2Fwp%2Fv2%2Fmedia&parent=17085"}],"wp:term":[{"taxonomy":"category","embeddable":true,"href":"https:\/\/www.radiointeractivo.com.mx\/index.php?rest_route=%2Fwp%2Fv2%2Fcategories&post=17085"},{"taxonomy":"post_tag","embeddable":true,"href":"https:\/\/www.radiointeractivo.com.mx\/index.php?rest_route=%2Fwp%2Fv2%2Ftags&post=17085"}],"curies":[{"name":"wp","href":"https:\/\/api.w.org\/{rel}","templated":true}]}}