{"id":17074,"date":"2025-06-25T16:36:07","date_gmt":"2025-06-25T21:36:07","guid":{"rendered":"https:\/\/www.radiointeractivo.com.mx\/?p=17074"},"modified":"2025-06-25T16:36:09","modified_gmt":"2025-06-25T21:36:09","slug":"capacita-inmujer-a-funcionariado-sobre-estrategias-basicas-de-intervencion-en-crisis-en-dependencias-publicas","status":"publish","type":"post","link":"https:\/\/www.radiointeractivo.com.mx\/?p=17074","title":{"rendered":"CAPACITA INMUJER A FUNCIONARIADO SOBRE ESTRATEGIAS B\u00c1SICAS DE INTERVENCI\u00d3N EN CRISIS EN DEPENDENCIAS P\u00daBLICAS"},"content":{"rendered":"\n<figure class=\"wp-block-image size-large\"><img loading=\"lazy\" decoding=\"async\" width=\"1024\" height=\"682\" src=\"https:\/\/www.radiointeractivo.com.mx\/wp-content\/uploads\/2025\/06\/WhatsApp-Image-2025-06-25-at-12.03.24-PM-1024x682.jpeg\" alt=\"\" class=\"wp-image-17075\" srcset=\"https:\/\/www.radiointeractivo.com.mx\/wp-content\/uploads\/2025\/06\/WhatsApp-Image-2025-06-25-at-12.03.24-PM-1024x682.jpeg 1024w, https:\/\/www.radiointeractivo.com.mx\/wp-content\/uploads\/2025\/06\/WhatsApp-Image-2025-06-25-at-12.03.24-PM-300x200.jpeg 300w, https:\/\/www.radiointeractivo.com.mx\/wp-content\/uploads\/2025\/06\/WhatsApp-Image-2025-06-25-at-12.03.24-PM-768x512.jpeg 768w, https:\/\/www.radiointeractivo.com.mx\/wp-content\/uploads\/2025\/06\/WhatsApp-Image-2025-06-25-at-12.03.24-PM-1536x1023.jpeg 1536w, https:\/\/www.radiointeractivo.com.mx\/wp-content\/uploads\/2025\/06\/WhatsApp-Image-2025-06-25-at-12.03.24-PM-310x205.jpeg 310w, https:\/\/www.radiointeractivo.com.mx\/wp-content\/uploads\/2025\/06\/WhatsApp-Image-2025-06-25-at-12.03.24-PM.jpeg 1600w\" sizes=\"auto, (max-width: 1024px) 100vw, 1024px\" \/><\/figure>\n\n\n\n<p>Por: Staff | #NuevoLaredo #Laredo #NLD #Tamaulipas<\/p>\n\n\n\n<p>Con la finalidad de seguir capacitando al personal que brinda atenci\u00f3n a las mujeres que se encuentran en una situaci\u00f3n de violencia, el Instituto Municipal de la Mujer llev\u00f3 a cabo el taller \u201cEstrategias b\u00e1sicas de intervenci\u00f3n en crisis en dependencias p\u00fablicas, un actuar de manera presencial y telef\u00f3nica\u201d, a cargo de las psic\u00f3logas Iris Bautista y Lic. Josselin Lozano.<\/p>\n\n\n\n<p>La capacitaci\u00f3n se llev\u00f3 a cabo el d\u00eda 18 de junio, en la Infoteca &#8220;Sor Juana In\u00e9s de la Cruz\u201d, en donde personal del Instituto de la Mujer, Casa Violeta, Centro Libre, as\u00ed como diversas dependencias municipales se dieron cita para aprender respecto a herramientas b\u00e1sicas y espec\u00edficas de la intervenci\u00f3n en crisis para el contexto de la atenci\u00f3n p\u00fablica, y as\u00ed poder actuar como un recurso de ayuda en situaciones cr\u00edticas.<\/p>\n\n\n\n<p>M\u00e1s de 90 personas participaron en esta actividad en la que a trav\u00e9s de casos pr\u00e1cticos se sensibilizaron y concientizaron sobre la importancia de las urgencias psicol\u00f3gicas y su impacto en la salud mental.<\/p>\n\n\n\n<p>Con esta actividad, INMUJER Nuevo Laredo reafirma su compromiso de seguir trabajando por el bienestar de las mujeres y se suma a las acciones del Gobierno Municipal para brindar a la ciudadan\u00eda servicios de calidad y profesionalismo.<\/p>\n","protected":false},"excerpt":{"rendered":"<p>Por: Staff | #NuevoLaredo #Laredo #NLD #Tamaulipas Con la finalidad de seguir capacitando al personal que brinda atenci\u00f3n a las mujeres que se encuentran en una situaci\u00f3n de violencia, el Instituto Municipal de la Mujer llev\u00f3 a cabo el taller \u201cEstrategias b\u00e1sicas de intervenci\u00f3n en crisis en dependencias p\u00fablicas, un actuar de manera presencial y &hellip;<\/p>\n","protected":false},"author":1,"featured_media":17076,"comment_status":"open","ping_status":"open","sticky":false,"template":"","format":"standard","meta":{"footnotes":""},"categories":[38],"tags":[],"class_list":["post-17074","post","type-post","status-publish","format-standard","has-post-thumbnail","","category-nuevo-laredo"],"_links":{"self":[{"href":"https:\/\/www.radiointeractivo.com.mx\/index.php?rest_route=\/wp\/v2\/posts\/17074","targetHints":{"allow":["GET"]}}],"collection":[{"href":"https:\/\/www.radiointeractivo.com.mx\/index.php?rest_route=\/wp\/v2\/posts"}],"about":[{"href":"https:\/\/www.radiointeractivo.com.mx\/index.php?rest_route=\/wp\/v2\/types\/post"}],"author":[{"embeddable":true,"href":"https:\/\/www.radiointeractivo.com.mx\/index.php?rest_route=\/wp\/v2\/users\/1"}],"replies":[{"embeddable":true,"href":"https:\/\/www.radiointeractivo.com.mx\/index.php?rest_route=%2Fwp%2Fv2%2Fcomments&post=17074"}],"version-history":[{"count":1,"href":"https:\/\/www.radiointeractivo.com.mx\/index.php?rest_route=\/wp\/v2\/posts\/17074\/revisions"}],"predecessor-version":[{"id":17077,"href":"https:\/\/www.radiointeractivo.com.mx\/index.php?rest_route=\/wp\/v2\/posts\/17074\/revisions\/17077"}],"wp:featuredmedia":[{"embeddable":true,"href":"https:\/\/www.radiointeractivo.com.mx\/index.php?rest_route=\/wp\/v2\/media\/17076"}],"wp:attachment":[{"href":"https:\/\/www.radiointeractivo.com.mx\/index.php?rest_route=%2Fwp%2Fv2%2Fmedia&parent=17074"}],"wp:term":[{"taxonomy":"category","embeddable":true,"href":"https:\/\/www.radiointeractivo.com.mx\/index.php?rest_route=%2Fwp%2Fv2%2Fcategories&post=17074"},{"taxonomy":"post_tag","embeddable":true,"href":"https:\/\/www.radiointeractivo.com.mx\/index.php?rest_route=%2Fwp%2Fv2%2Ftags&post=17074"}],"curies":[{"name":"wp","href":"https:\/\/api.w.org\/{rel}","templated":true}]}}