{"id":17067,"date":"2025-06-25T15:45:49","date_gmt":"2025-06-25T20:45:49","guid":{"rendered":"https:\/\/www.radiointeractivo.com.mx\/?p=17067"},"modified":"2025-06-25T15:45:51","modified_gmt":"2025-06-25T20:45:51","slug":"emotiva-noche-beisbol-une-a-nuevo-laredo-en-el-juego-del-177-aniversario-con-triunfo-de-tecos-ante-charros-de-jalisco","status":"publish","type":"post","link":"https:\/\/www.radiointeractivo.com.mx\/?p=17067","title":{"rendered":"EMOTIVA NOCHE B\u00c9ISBOL UNE A NUEVO LAREDO EN EL JUEGO DEL 177 ANIVERSARIO CON TRIUNFO DE TECOS ANTE CHARROS DE JALISCO"},"content":{"rendered":"\n<figure class=\"wp-block-image size-large\"><img loading=\"lazy\" decoding=\"async\" width=\"1024\" height=\"682\" src=\"https:\/\/www.radiointeractivo.com.mx\/wp-content\/uploads\/2025\/06\/WhatsApp-Image-2025-06-25-at-10.41.00-AM-1024x682.jpeg\" alt=\"\" class=\"wp-image-17071\" srcset=\"https:\/\/www.radiointeractivo.com.mx\/wp-content\/uploads\/2025\/06\/WhatsApp-Image-2025-06-25-at-10.41.00-AM-1024x682.jpeg 1024w, https:\/\/www.radiointeractivo.com.mx\/wp-content\/uploads\/2025\/06\/WhatsApp-Image-2025-06-25-at-10.41.00-AM-300x200.jpeg 300w, https:\/\/www.radiointeractivo.com.mx\/wp-content\/uploads\/2025\/06\/WhatsApp-Image-2025-06-25-at-10.41.00-AM-768x512.jpeg 768w, https:\/\/www.radiointeractivo.com.mx\/wp-content\/uploads\/2025\/06\/WhatsApp-Image-2025-06-25-at-10.41.00-AM-310x205.jpeg 310w, https:\/\/www.radiointeractivo.com.mx\/wp-content\/uploads\/2025\/06\/WhatsApp-Image-2025-06-25-at-10.41.00-AM.jpeg 1280w\" sizes=\"auto, (max-width: 1024px) 100vw, 1024px\" \/><\/figure>\n\n\n\n<p>Por: Staff | #NuevoLaredo #Laredo #NLD #Tamaulipas<\/p>\n\n\n\n<p>Entre emociones, nostalgia y gran entusiasmo, miles de neolaredenses se dieron cita la noche del martes en el legendario Parque La Junta para ser parte del Juego del 177 Aniversario de la Fundaci\u00f3n de Nuevo Laredo, un evento que conjug\u00f3 la pasi\u00f3n por el b\u00e9isbol con el orgullo de ser parte de esta gran ciudad.<\/p>\n\n\n\n<p>Desde temprana hora, familias completas comenzaron a llegar al estadio, donde el Gobierno Municipal ya los esperaba con sorpresas: a los primeros dos mil asistentes se les entreg\u00f3 un jersey conmemorativo del aniversario, mientras que todos los aficionados recibieron un vaso especial alusivo a los 177 a\u00f1os de la ciudad, como recuerdo de esta hist\u00f3rica noche<\/p>\n\n\n\n<p>La celebraci\u00f3n dio inicio con los honores a la bandera, en un momento solemne que uni\u00f3 a la afici\u00f3n bajo un mismo sentimiento de identidad y amor por la patria. Minutos despu\u00e9s, en un ambiente cargado de emoci\u00f3n, la presidenta municipal Carmen Lilia Canturosas Villarreal lanz\u00f3 la primera bola del partido, marcando oficialmente el arranque de este gran encuentro entre los Tecos de los Dos Laredos y los Charros de Jalisco que gan\u00f3 la novena local por marcador de 9-5.<\/p>\n\n\n\n<p>\u201cHoy celebramos con alegr\u00eda y orgullo los 177 a\u00f1os de nuestra ciudad, en una noche que une nuestras tradiciones, nuestro amor por el b\u00e9isbol y el esp\u00edritu de fiesta que distingue a Nuevo Laredo\u201d,<\/p>\n\n\n\n<p>Destac\u00f3 que gracias a que la ciudad atraviesa un momento de paz social, estabilidad y dinamismo econ\u00f3mico, de la mano con el gobernador del Am\u00e9rico Villarreal y la presidenta Claudia Sheinbaum Pardo, se llevan a cabo este tipo de actividades que fortalecen el tejido social.<\/p>\n\n\n\n<p>El ambiente festivo se mantuvo durante todo el partido, en el que la emoci\u00f3n del deporte se mezcl\u00f3 con la calidez de una comunidad que celebra sus ra\u00edces. Al finalizar el juego, el cielo de Nuevo Laredo se ilumin\u00f3 con un espectacular show de fuegos pirot\u00e9cnicos que hizo vibrar a los presentes.<\/p>\n\n\n\n<p>Pero la noche no termin\u00f3 ah\u00ed. Afuera del estadio, una verbena popular ya esperaba a los asistentes, con antojitos, alegr\u00eda y m\u00fasica en vivo a cargo del reconocido grupo Tropical Panam\u00e1, que puso a bailar a chicos y grandes, cerrando con broche de oro una jornada inolvidable para la ciudad.<\/p>\n\n\n\n<p>Con este evento, el Gobierno Municipal reafirma su compromiso de fomentar la convivencia familiar, preservar las tradiciones y fortalecer el orgullo de pertenecer a Nuevo Laredo, una ciudad con historia, coraz\u00f3n y rumbo firme hacia el futuro.<\/p>\n","protected":false},"excerpt":{"rendered":"<p>Por: Staff | #NuevoLaredo #Laredo #NLD #Tamaulipas Entre emociones, nostalgia y gran entusiasmo, miles de neolaredenses se dieron cita la noche del martes en el legendario Parque La Junta para ser parte del Juego del 177 Aniversario de la Fundaci\u00f3n de Nuevo Laredo, un evento que conjug\u00f3 la pasi\u00f3n por el b\u00e9isbol con el orgullo &hellip;<\/p>\n","protected":false},"author":1,"featured_media":17072,"comment_status":"open","ping_status":"open","sticky":false,"template":"","format":"standard","meta":{"footnotes":""},"categories":[38],"tags":[],"class_list":["post-17067","post","type-post","status-publish","format-standard","has-post-thumbnail","","category-nuevo-laredo"],"_links":{"self":[{"href":"https:\/\/www.radiointeractivo.com.mx\/index.php?rest_route=\/wp\/v2\/posts\/17067","targetHints":{"allow":["GET"]}}],"collection":[{"href":"https:\/\/www.radiointeractivo.com.mx\/index.php?rest_route=\/wp\/v2\/posts"}],"about":[{"href":"https:\/\/www.radiointeractivo.com.mx\/index.php?rest_route=\/wp\/v2\/types\/post"}],"author":[{"embeddable":true,"href":"https:\/\/www.radiointeractivo.com.mx\/index.php?rest_route=\/wp\/v2\/users\/1"}],"replies":[{"embeddable":true,"href":"https:\/\/www.radiointeractivo.com.mx\/index.php?rest_route=%2Fwp%2Fv2%2Fcomments&post=17067"}],"version-history":[{"count":1,"href":"https:\/\/www.radiointeractivo.com.mx\/index.php?rest_route=\/wp\/v2\/posts\/17067\/revisions"}],"predecessor-version":[{"id":17073,"href":"https:\/\/www.radiointeractivo.com.mx\/index.php?rest_route=\/wp\/v2\/posts\/17067\/revisions\/17073"}],"wp:featuredmedia":[{"embeddable":true,"href":"https:\/\/www.radiointeractivo.com.mx\/index.php?rest_route=\/wp\/v2\/media\/17072"}],"wp:attachment":[{"href":"https:\/\/www.radiointeractivo.com.mx\/index.php?rest_route=%2Fwp%2Fv2%2Fmedia&parent=17067"}],"wp:term":[{"taxonomy":"category","embeddable":true,"href":"https:\/\/www.radiointeractivo.com.mx\/index.php?rest_route=%2Fwp%2Fv2%2Fcategories&post=17067"},{"taxonomy":"post_tag","embeddable":true,"href":"https:\/\/www.radiointeractivo.com.mx\/index.php?rest_route=%2Fwp%2Fv2%2Ftags&post=17067"}],"curies":[{"name":"wp","href":"https:\/\/api.w.org\/{rel}","templated":true}]}}