{"id":17061,"date":"2025-06-24T15:44:54","date_gmt":"2025-06-24T20:44:54","guid":{"rendered":"https:\/\/www.radiointeractivo.com.mx\/?p=17061"},"modified":"2025-06-24T15:44:56","modified_gmt":"2025-06-24T20:44:56","slug":"lanza-gobierno-municipal-convocatoria-para-la-beca-juntos-por-la-excelencia-universitaria","status":"publish","type":"post","link":"https:\/\/www.radiointeractivo.com.mx\/?p=17061","title":{"rendered":"LANZA GOBIERNO MUNICIPAL CONVOCATORIA PARA LA BECA \u201cJUNTOS POR LA EXCELENCIA UNIVERSITARIA\u201d"},"content":{"rendered":"\n<figure class=\"wp-block-image size-large\"><img loading=\"lazy\" decoding=\"async\" width=\"1024\" height=\"787\" src=\"https:\/\/www.radiointeractivo.com.mx\/wp-content\/uploads\/2025\/06\/WhatsApp-Image-2025-06-24-at-12.15.47-PM-1024x787.jpeg\" alt=\"\" class=\"wp-image-17062\" srcset=\"https:\/\/www.radiointeractivo.com.mx\/wp-content\/uploads\/2025\/06\/WhatsApp-Image-2025-06-24-at-12.15.47-PM-1024x787.jpeg 1024w, https:\/\/www.radiointeractivo.com.mx\/wp-content\/uploads\/2025\/06\/WhatsApp-Image-2025-06-24-at-12.15.47-PM-300x230.jpeg 300w, https:\/\/www.radiointeractivo.com.mx\/wp-content\/uploads\/2025\/06\/WhatsApp-Image-2025-06-24-at-12.15.47-PM-768x590.jpeg 768w, https:\/\/www.radiointeractivo.com.mx\/wp-content\/uploads\/2025\/06\/WhatsApp-Image-2025-06-24-at-12.15.47-PM.jpeg 1281w\" sizes=\"auto, (max-width: 1024px) 100vw, 1024px\" \/><\/figure>\n\n\n\n<p>Por: Staff | #NuevoLaredo #Laredo #NLD #Tamaulipas<\/p>\n\n\n\n<p>Como parte de las acciones de impulso a la educaci\u00f3n superior promovidas por la presidenta municipal Carmen Lilia Canturosas Villarreal, el Gobierno Municipal lanz\u00f3 la convocatoria para la Beca \u201cJuntos por la Excelencia Universitaria\u201d 2025, dirigida a estudiantes destacados de nivel superior y posgrado.<\/p>\n\n\n\n<p>Esta beca se suma a los apoyos ya otorgados en educaci\u00f3n b\u00e1sica, media y especial, y tiene como objetivo reconocer el esfuerzo, la constancia y el alto rendimiento acad\u00e9mico de j\u00f3venes universitarios neolaredenses.<\/p>\n\n\n\n<p>Podr\u00e1n aplicar estudiantes de universidades p\u00fablicas y privadas incorporadas a la Secretar\u00eda de Educaci\u00f3n P\u00fablica, tanto en Nuevo Laredo como en otras ciudades del pa\u00eds, siempre y cuando acrediten residencia oficial en esta ciudad.<\/p>\n\n\n\n<p>Entre los requisitos principales se encuentran; tener nacionalidad mexicana, cursar al menos cinco asignaturas (nivel superior) o dos (posgrado), contar con un promedio m\u00ednimo de 9.5 en el primer cuatrimestre o semestre del ciclo escolar 2024\u20132025.<\/p>\n\n\n\n<p>Adem\u00e1s, deber\u00e1n entregar documentos como; acta de nacimiento, constancia de estudios vigente, boleta de calificaciones original con firma y sello de la instituci\u00f3n, credencial de elector ampliada al 150% del alumno(a) y del padre, madre o tutor, comprobante de domicilio en Nuevo Laredo, estado de cuenta bancario a nombre del alumno(a).<\/p>\n\n\n\n<p>El registro estar\u00e1 disponible del 23 de junio al 6 de julio de 2025, las 24 horas del d\u00eda, en la p\u00e1gina oficial: <a href=\"https:\/\/www.nld.gob.mx\">www.nld.gob.mx<\/a>, dentro del apartado \u201cBeca Juntos por la Excelencia Universitaria 2025\u201d.<\/p>\n\n\n\n<p>Los solicitantes deber\u00e1n llenar el formulario en l\u00ednea, capturar correctamente todos los datos y descargar la Ficha de Registro, que servir\u00e1 como comprobante de inscripci\u00f3n y consulta de resultados.<\/p>\n\n\n\n<p>Con esta convocatoria, el Gobierno de Nuevo Laredo refrenda su compromiso con la educaci\u00f3n como motor de transformaci\u00f3n y desarrollo, apoyando a la juventud que con esfuerzo construye un mejor futuro.<\/p>\n","protected":false},"excerpt":{"rendered":"<p>Por: Staff | #NuevoLaredo #Laredo #NLD #Tamaulipas Como parte de las acciones de impulso a la educaci\u00f3n superior promovidas por la presidenta municipal Carmen Lilia Canturosas Villarreal, el Gobierno Municipal lanz\u00f3 la convocatoria para la Beca \u201cJuntos por la Excelencia Universitaria\u201d 2025, dirigida a estudiantes destacados de nivel superior y posgrado. Esta beca se suma &hellip;<\/p>\n","protected":false},"author":1,"featured_media":17062,"comment_status":"open","ping_status":"open","sticky":false,"template":"","format":"standard","meta":{"footnotes":""},"categories":[38],"tags":[],"class_list":["post-17061","post","type-post","status-publish","format-standard","has-post-thumbnail","","category-nuevo-laredo"],"_links":{"self":[{"href":"https:\/\/www.radiointeractivo.com.mx\/index.php?rest_route=\/wp\/v2\/posts\/17061","targetHints":{"allow":["GET"]}}],"collection":[{"href":"https:\/\/www.radiointeractivo.com.mx\/index.php?rest_route=\/wp\/v2\/posts"}],"about":[{"href":"https:\/\/www.radiointeractivo.com.mx\/index.php?rest_route=\/wp\/v2\/types\/post"}],"author":[{"embeddable":true,"href":"https:\/\/www.radiointeractivo.com.mx\/index.php?rest_route=\/wp\/v2\/users\/1"}],"replies":[{"embeddable":true,"href":"https:\/\/www.radiointeractivo.com.mx\/index.php?rest_route=%2Fwp%2Fv2%2Fcomments&post=17061"}],"version-history":[{"count":1,"href":"https:\/\/www.radiointeractivo.com.mx\/index.php?rest_route=\/wp\/v2\/posts\/17061\/revisions"}],"predecessor-version":[{"id":17063,"href":"https:\/\/www.radiointeractivo.com.mx\/index.php?rest_route=\/wp\/v2\/posts\/17061\/revisions\/17063"}],"wp:featuredmedia":[{"embeddable":true,"href":"https:\/\/www.radiointeractivo.com.mx\/index.php?rest_route=\/wp\/v2\/media\/17062"}],"wp:attachment":[{"href":"https:\/\/www.radiointeractivo.com.mx\/index.php?rest_route=%2Fwp%2Fv2%2Fmedia&parent=17061"}],"wp:term":[{"taxonomy":"category","embeddable":true,"href":"https:\/\/www.radiointeractivo.com.mx\/index.php?rest_route=%2Fwp%2Fv2%2Fcategories&post=17061"},{"taxonomy":"post_tag","embeddable":true,"href":"https:\/\/www.radiointeractivo.com.mx\/index.php?rest_route=%2Fwp%2Fv2%2Ftags&post=17061"}],"curies":[{"name":"wp","href":"https:\/\/api.w.org\/{rel}","templated":true}]}}