{"id":17054,"date":"2025-06-23T16:33:38","date_gmt":"2025-06-23T21:33:38","guid":{"rendered":"https:\/\/www.radiointeractivo.com.mx\/?p=17054"},"modified":"2025-06-23T16:33:40","modified_gmt":"2025-06-23T21:33:40","slug":"arranca-jornada-de-vacunacion-contra-el-sarampion-en-el-sistema-dif-nuevo-laredo","status":"publish","type":"post","link":"https:\/\/www.radiointeractivo.com.mx\/?p=17054","title":{"rendered":"ARRANCA JORNADA DE VACUNACI\u00d3N CONTRA EL SARAMPI\u00d3N EN EL SISTEMA DIF NUEVO LAREDO"},"content":{"rendered":"\n<figure class=\"wp-block-image size-large\"><img loading=\"lazy\" decoding=\"async\" width=\"1024\" height=\"682\" src=\"https:\/\/www.radiointeractivo.com.mx\/wp-content\/uploads\/2025\/06\/WhatsApp-Image-2025-06-23-at-1.39.33-PM-1-1024x682.jpeg\" alt=\"\" class=\"wp-image-17055\" srcset=\"https:\/\/www.radiointeractivo.com.mx\/wp-content\/uploads\/2025\/06\/WhatsApp-Image-2025-06-23-at-1.39.33-PM-1-1024x682.jpeg 1024w, https:\/\/www.radiointeractivo.com.mx\/wp-content\/uploads\/2025\/06\/WhatsApp-Image-2025-06-23-at-1.39.33-PM-1-300x200.jpeg 300w, https:\/\/www.radiointeractivo.com.mx\/wp-content\/uploads\/2025\/06\/WhatsApp-Image-2025-06-23-at-1.39.33-PM-1-768x512.jpeg 768w, https:\/\/www.radiointeractivo.com.mx\/wp-content\/uploads\/2025\/06\/WhatsApp-Image-2025-06-23-at-1.39.33-PM-1-1536x1023.jpeg 1536w, https:\/\/www.radiointeractivo.com.mx\/wp-content\/uploads\/2025\/06\/WhatsApp-Image-2025-06-23-at-1.39.33-PM-1-310x205.jpeg 310w, https:\/\/www.radiointeractivo.com.mx\/wp-content\/uploads\/2025\/06\/WhatsApp-Image-2025-06-23-at-1.39.33-PM-1.jpeg 1600w\" sizes=\"auto, (max-width: 1024px) 100vw, 1024px\" \/><\/figure>\n\n\n\n<p>Por: Staff | #NuevoLaredo #Laredo #NLD #Tamaulipas<\/p>\n\n\n\n<p>Este lunes inici\u00f3 la jornada de vacunaci\u00f3n contra el Sarampi\u00f3n del Sistema DIF Nuevo Laredo y la Jurisdicci\u00f3n Sanitaria No. V que busca proteger a la poblaci\u00f3n de enfermedades prevenibles como el sarampi\u00f3n, rub\u00e9ola, paperas y otras infecciones que pueden tener consecuencias graves.<\/p>\n\n\n\n<p>Desde este lunes 23 y hasta el viernes 27 de junio, se estar\u00e1n aplicando vacunas de forma gratuita en un horario de 9:00 a.m. a 3:00 p.m. en las instalaciones del Sistema DIF, ubicadas en H\u00e9roe de Nacataz #2244, fraccionamiento Ojo Caliente.<\/p>\n\n\n\n<p>Durante esta jornada se aplica la vacuna SRP (Triple Viral), que protege contra el sarampi\u00f3n, rub\u00e9ola y parotiditis. Tambi\u00e9n se estar\u00e1n aplicando dosis de VPH para ni\u00f1as y ni\u00f1os de quinto grado, as\u00ed como biol\u00f3gicos del esquema b\u00e1sico como BCG, Rotavirus, Neumoc\u00f3cica 13V, Hexavalente, DPT, TDPA (para embarazadas), Toxoide Tet\u00e1nico y Hepatitis B.<\/p>\n\n\n\n<p>\u201cInvitamos a todas las familias a que se sumen a esta jornada. Vacunar es un acto de amor y prevenci\u00f3n que protege a nuestros ni\u00f1os de enfermedades que pueden marcar su vida\u201d, expres\u00f3 Viviano V\u00e1zquez Mac\u00edas, director general del DIF Nuevo Laredo.<\/p>\n\n\n\n<p>El sarampi\u00f3n, puede causar fiebre alta, erupciones, neumon\u00eda e incluso complicaciones neurol\u00f3gicas. La rub\u00e9ola es peligrosa durante el embarazo, y las paperas pueden derivar en meningitis o p\u00e9rdida auditiva.<\/p>\n\n\n\n<p>Esta es una excelente oportunidad para que padres y madres completen el esquema de vacunaci\u00f3n de sus hijos, protejan su bienestar y refuercen su salud ante enfermedades que pueden prevenirse f\u00e1cilmente.<\/p>\n","protected":false},"excerpt":{"rendered":"<p>Por: Staff | #NuevoLaredo #Laredo #NLD #Tamaulipas Este lunes inici\u00f3 la jornada de vacunaci\u00f3n contra el Sarampi\u00f3n del Sistema DIF Nuevo Laredo y la Jurisdicci\u00f3n Sanitaria No. V que busca proteger a la poblaci\u00f3n de enfermedades prevenibles como el sarampi\u00f3n, rub\u00e9ola, paperas y otras infecciones que pueden tener consecuencias graves. Desde este lunes 23 y &hellip;<\/p>\n","protected":false},"author":1,"featured_media":17055,"comment_status":"open","ping_status":"open","sticky":false,"template":"","format":"standard","meta":{"footnotes":""},"categories":[38],"tags":[],"class_list":["post-17054","post","type-post","status-publish","format-standard","has-post-thumbnail","","category-nuevo-laredo"],"_links":{"self":[{"href":"https:\/\/www.radiointeractivo.com.mx\/index.php?rest_route=\/wp\/v2\/posts\/17054","targetHints":{"allow":["GET"]}}],"collection":[{"href":"https:\/\/www.radiointeractivo.com.mx\/index.php?rest_route=\/wp\/v2\/posts"}],"about":[{"href":"https:\/\/www.radiointeractivo.com.mx\/index.php?rest_route=\/wp\/v2\/types\/post"}],"author":[{"embeddable":true,"href":"https:\/\/www.radiointeractivo.com.mx\/index.php?rest_route=\/wp\/v2\/users\/1"}],"replies":[{"embeddable":true,"href":"https:\/\/www.radiointeractivo.com.mx\/index.php?rest_route=%2Fwp%2Fv2%2Fcomments&post=17054"}],"version-history":[{"count":1,"href":"https:\/\/www.radiointeractivo.com.mx\/index.php?rest_route=\/wp\/v2\/posts\/17054\/revisions"}],"predecessor-version":[{"id":17056,"href":"https:\/\/www.radiointeractivo.com.mx\/index.php?rest_route=\/wp\/v2\/posts\/17054\/revisions\/17056"}],"wp:featuredmedia":[{"embeddable":true,"href":"https:\/\/www.radiointeractivo.com.mx\/index.php?rest_route=\/wp\/v2\/media\/17055"}],"wp:attachment":[{"href":"https:\/\/www.radiointeractivo.com.mx\/index.php?rest_route=%2Fwp%2Fv2%2Fmedia&parent=17054"}],"wp:term":[{"taxonomy":"category","embeddable":true,"href":"https:\/\/www.radiointeractivo.com.mx\/index.php?rest_route=%2Fwp%2Fv2%2Fcategories&post=17054"},{"taxonomy":"post_tag","embeddable":true,"href":"https:\/\/www.radiointeractivo.com.mx\/index.php?rest_route=%2Fwp%2Fv2%2Ftags&post=17054"}],"curies":[{"name":"wp","href":"https:\/\/api.w.org\/{rel}","templated":true}]}}