{"id":17005,"date":"2025-06-19T15:43:09","date_gmt":"2025-06-19T20:43:09","guid":{"rendered":"https:\/\/www.radiointeractivo.com.mx\/?p=17005"},"modified":"2025-06-19T15:43:11","modified_gmt":"2025-06-19T20:43:11","slug":"nuevo-laredo-participa-en-reunion-estatal-de-proteccion-civil-encabezada-por-el-gobernador-americo-villarreal","status":"publish","type":"post","link":"https:\/\/www.radiointeractivo.com.mx\/?p=17005","title":{"rendered":"NUEVO LAREDO PARTICIPA EN REUNI\u00d3N ESTATAL DE PROTECCI\u00d3N CIVIL ENCABEZADA POR EL GOBERNADOR AM\u00c9RICO VILLARREAL"},"content":{"rendered":"\n<figure class=\"wp-block-image size-large\"><img loading=\"lazy\" decoding=\"async\" width=\"1024\" height=\"683\" src=\"https:\/\/www.radiointeractivo.com.mx\/wp-content\/uploads\/2025\/06\/WhatsApp-Image-2025-06-19-at-2.50.18-PM-1024x683.jpeg\" alt=\"\" class=\"wp-image-17006\" srcset=\"https:\/\/www.radiointeractivo.com.mx\/wp-content\/uploads\/2025\/06\/WhatsApp-Image-2025-06-19-at-2.50.18-PM-1024x683.jpeg 1024w, https:\/\/www.radiointeractivo.com.mx\/wp-content\/uploads\/2025\/06\/WhatsApp-Image-2025-06-19-at-2.50.18-PM-300x200.jpeg 300w, https:\/\/www.radiointeractivo.com.mx\/wp-content\/uploads\/2025\/06\/WhatsApp-Image-2025-06-19-at-2.50.18-PM-768x512.jpeg 768w, https:\/\/www.radiointeractivo.com.mx\/wp-content\/uploads\/2025\/06\/WhatsApp-Image-2025-06-19-at-2.50.18-PM-1536x1024.jpeg 1536w, https:\/\/www.radiointeractivo.com.mx\/wp-content\/uploads\/2025\/06\/WhatsApp-Image-2025-06-19-at-2.50.18-PM.jpeg 1600w\" sizes=\"auto, (max-width: 1024px) 100vw, 1024px\" \/><\/figure>\n\n\n\n<p>Por: Staff | #NuevoLaredo #Laredo #NLD #Tamaulipas<\/p>\n\n\n\n<p>El Gobernador del Estado, Dr. Am\u00e9rico Villarreal Anaya, presidi\u00f3 la Reuni\u00f3n Estatal de Protecci\u00f3n Civil con los 43 titulares municipales del \u00e1rea, con el objetivo de reforzar la coordinaci\u00f3n institucional ante la Temporada de Lluvias y Ciclones 2025, ya activa en el Golfo de M\u00e9xico.<\/p>\n\n\n\n<p>Nuevo Laredo estuvo representado por el director de Protecci\u00f3n Civil y Bomberos, Humberto Fern\u00e1ndez Diez de Pinos, quien particip\u00f3 en las mesas de trabajo donde se comparti\u00f3 informaci\u00f3n estrat\u00e9gica para la prevenci\u00f3n y atenci\u00f3n de contingencias naturales.<\/p>\n\n\n\n<p>Durante el encuentro se abordaron temas prioritarios como el estado actual de presas y r\u00edos, los canales oficiales de comunicaci\u00f3n entre los municipios y el estado, as\u00ed como la Gu\u00eda Operativa para Refugios Temporales, herramientas esenciales para la protecci\u00f3n de la poblaci\u00f3n en situaciones de emergencia.<\/p>\n\n\n\n<p>La participaci\u00f3n de Nuevo Laredo en este tipo de reuniones fortalece la capacidad de respuesta del municipio y reafirma el compromiso del Gobierno Municipal con la prevenci\u00f3n, la protecci\u00f3n civil y la seguridad de las familias neolaredenses.<\/p>\n","protected":false},"excerpt":{"rendered":"<p>Por: Staff | #NuevoLaredo #Laredo #NLD #Tamaulipas El Gobernador del Estado, Dr. Am\u00e9rico Villarreal Anaya, presidi\u00f3 la Reuni\u00f3n Estatal de Protecci\u00f3n Civil con los 43 titulares municipales del \u00e1rea, con el objetivo de reforzar la coordinaci\u00f3n institucional ante la Temporada de Lluvias y Ciclones 2025, ya activa en el Golfo de M\u00e9xico. Nuevo Laredo estuvo &hellip;<\/p>\n","protected":false},"author":1,"featured_media":17006,"comment_status":"open","ping_status":"open","sticky":false,"template":"","format":"standard","meta":{"footnotes":""},"categories":[38,39],"tags":[],"class_list":["post-17005","post","type-post","status-publish","format-standard","has-post-thumbnail","","category-nuevo-laredo","category-tamaulipas"],"_links":{"self":[{"href":"https:\/\/www.radiointeractivo.com.mx\/index.php?rest_route=\/wp\/v2\/posts\/17005","targetHints":{"allow":["GET"]}}],"collection":[{"href":"https:\/\/www.radiointeractivo.com.mx\/index.php?rest_route=\/wp\/v2\/posts"}],"about":[{"href":"https:\/\/www.radiointeractivo.com.mx\/index.php?rest_route=\/wp\/v2\/types\/post"}],"author":[{"embeddable":true,"href":"https:\/\/www.radiointeractivo.com.mx\/index.php?rest_route=\/wp\/v2\/users\/1"}],"replies":[{"embeddable":true,"href":"https:\/\/www.radiointeractivo.com.mx\/index.php?rest_route=%2Fwp%2Fv2%2Fcomments&post=17005"}],"version-history":[{"count":1,"href":"https:\/\/www.radiointeractivo.com.mx\/index.php?rest_route=\/wp\/v2\/posts\/17005\/revisions"}],"predecessor-version":[{"id":17007,"href":"https:\/\/www.radiointeractivo.com.mx\/index.php?rest_route=\/wp\/v2\/posts\/17005\/revisions\/17007"}],"wp:featuredmedia":[{"embeddable":true,"href":"https:\/\/www.radiointeractivo.com.mx\/index.php?rest_route=\/wp\/v2\/media\/17006"}],"wp:attachment":[{"href":"https:\/\/www.radiointeractivo.com.mx\/index.php?rest_route=%2Fwp%2Fv2%2Fmedia&parent=17005"}],"wp:term":[{"taxonomy":"category","embeddable":true,"href":"https:\/\/www.radiointeractivo.com.mx\/index.php?rest_route=%2Fwp%2Fv2%2Fcategories&post=17005"},{"taxonomy":"post_tag","embeddable":true,"href":"https:\/\/www.radiointeractivo.com.mx\/index.php?rest_route=%2Fwp%2Fv2%2Ftags&post=17005"}],"curies":[{"name":"wp","href":"https:\/\/api.w.org\/{rel}","templated":true}]}}