{"id":16977,"date":"2025-06-17T19:54:58","date_gmt":"2025-06-18T00:54:58","guid":{"rendered":"https:\/\/www.radiointeractivo.com.mx\/?p=16977"},"modified":"2025-06-17T19:55:00","modified_gmt":"2025-06-18T00:55:00","slug":"celebra-dif-nuevo-laredo-a-los-padres-en-casa-club-del-adulto-mayor","status":"publish","type":"post","link":"https:\/\/www.radiointeractivo.com.mx\/?p=16977","title":{"rendered":"CELEBRA DIF NUEVO LAREDO A LOS PADRES EN CASA CLUB DEL ADULTO MAYOR"},"content":{"rendered":"\n<figure class=\"wp-block-image size-large\"><img loading=\"lazy\" decoding=\"async\" width=\"1024\" height=\"682\" src=\"https:\/\/www.radiointeractivo.com.mx\/wp-content\/uploads\/2025\/06\/WhatsApp-Image-2025-06-17-at-5.03.55-PM-1-1024x682.jpeg\" alt=\"\" class=\"wp-image-16978\" srcset=\"https:\/\/www.radiointeractivo.com.mx\/wp-content\/uploads\/2025\/06\/WhatsApp-Image-2025-06-17-at-5.03.55-PM-1-1024x682.jpeg 1024w, https:\/\/www.radiointeractivo.com.mx\/wp-content\/uploads\/2025\/06\/WhatsApp-Image-2025-06-17-at-5.03.55-PM-1-300x200.jpeg 300w, https:\/\/www.radiointeractivo.com.mx\/wp-content\/uploads\/2025\/06\/WhatsApp-Image-2025-06-17-at-5.03.55-PM-1-768x512.jpeg 768w, https:\/\/www.radiointeractivo.com.mx\/wp-content\/uploads\/2025\/06\/WhatsApp-Image-2025-06-17-at-5.03.55-PM-1-1536x1023.jpeg 1536w, https:\/\/www.radiointeractivo.com.mx\/wp-content\/uploads\/2025\/06\/WhatsApp-Image-2025-06-17-at-5.03.55-PM-1-310x205.jpeg 310w, https:\/\/www.radiointeractivo.com.mx\/wp-content\/uploads\/2025\/06\/WhatsApp-Image-2025-06-17-at-5.03.55-PM-1.jpeg 1600w\" sizes=\"auto, (max-width: 1024px) 100vw, 1024px\" \/><\/figure>\n\n\n\n<p>Por: Staff | #NuevoLaredo #Laredo #NLD #Tamaulipas<\/p>\n\n\n\n<p>En un ambiente de alegr\u00eda, m\u00fasica y mucha emoci\u00f3n, el Sistema DIF Nuevo Laredo celebr\u00f3 con gran orgullo el D\u00eda del Padre en la c\u00e1lida Casa Club del Adulto Mayor, reconociendo la vida y legado de quienes han dejado huella a lo largo de los a\u00f1os.<\/p>\n\n\n\n<p>Los padres que forman parte de los distintos talleres que ofrece la instituci\u00f3n, disfrutaron de una convivencia especial, colmada de sorpresas, regalos y m\u00faltiples muestras de cari\u00f1o por parte del personal y voluntarios del DIF.<\/p>\n\n\n\n<p>La presidenta del Sistema DIF Nuevo Laredo, Claudette Canturosas Villarreal, acompa\u00f1\u00f3 a los festejados en este d\u00eda tan especial, compartiendo sonrisas, abrazos y palabras de reconocimiento hacia cada uno de ellos por su entrega, sabidur\u00eda y ejemplo de vida.<\/p>\n\n\n\n<p>\u201cEs un honor celebrar a estos hombres que, con esfuerzo y amor, han construido familias, guiado generaciones y siguen siendo parte activa de nuestra comunidad. Son un pilar invaluable en nuestras vidas\u201d, expres\u00f3 la presidenta del DIF.<\/p>\n\n\n\n<p>Con este tipo de acciones, el Sistema DIF refrenda su compromiso de brindar atenci\u00f3n integral a los adultos mayores, promoviendo el respeto, la inclusi\u00f3n y el bienestar de quienes son orgullo y experiencia viva de Nuevo Laredo.<\/p>\n","protected":false},"excerpt":{"rendered":"<p>Por: Staff | #NuevoLaredo #Laredo #NLD #Tamaulipas En un ambiente de alegr\u00eda, m\u00fasica y mucha emoci\u00f3n, el Sistema DIF Nuevo Laredo celebr\u00f3 con gran orgullo el D\u00eda del Padre en la c\u00e1lida Casa Club del Adulto Mayor, reconociendo la vida y legado de quienes han dejado huella a lo largo de los a\u00f1os. Los padres &hellip;<\/p>\n","protected":false},"author":1,"featured_media":16978,"comment_status":"open","ping_status":"open","sticky":false,"template":"","format":"standard","meta":{"footnotes":""},"categories":[38],"tags":[],"class_list":["post-16977","post","type-post","status-publish","format-standard","has-post-thumbnail","","category-nuevo-laredo"],"_links":{"self":[{"href":"https:\/\/www.radiointeractivo.com.mx\/index.php?rest_route=\/wp\/v2\/posts\/16977","targetHints":{"allow":["GET"]}}],"collection":[{"href":"https:\/\/www.radiointeractivo.com.mx\/index.php?rest_route=\/wp\/v2\/posts"}],"about":[{"href":"https:\/\/www.radiointeractivo.com.mx\/index.php?rest_route=\/wp\/v2\/types\/post"}],"author":[{"embeddable":true,"href":"https:\/\/www.radiointeractivo.com.mx\/index.php?rest_route=\/wp\/v2\/users\/1"}],"replies":[{"embeddable":true,"href":"https:\/\/www.radiointeractivo.com.mx\/index.php?rest_route=%2Fwp%2Fv2%2Fcomments&post=16977"}],"version-history":[{"count":1,"href":"https:\/\/www.radiointeractivo.com.mx\/index.php?rest_route=\/wp\/v2\/posts\/16977\/revisions"}],"predecessor-version":[{"id":16979,"href":"https:\/\/www.radiointeractivo.com.mx\/index.php?rest_route=\/wp\/v2\/posts\/16977\/revisions\/16979"}],"wp:featuredmedia":[{"embeddable":true,"href":"https:\/\/www.radiointeractivo.com.mx\/index.php?rest_route=\/wp\/v2\/media\/16978"}],"wp:attachment":[{"href":"https:\/\/www.radiointeractivo.com.mx\/index.php?rest_route=%2Fwp%2Fv2%2Fmedia&parent=16977"}],"wp:term":[{"taxonomy":"category","embeddable":true,"href":"https:\/\/www.radiointeractivo.com.mx\/index.php?rest_route=%2Fwp%2Fv2%2Fcategories&post=16977"},{"taxonomy":"post_tag","embeddable":true,"href":"https:\/\/www.radiointeractivo.com.mx\/index.php?rest_route=%2Fwp%2Fv2%2Ftags&post=16977"}],"curies":[{"name":"wp","href":"https:\/\/api.w.org\/{rel}","templated":true}]}}