{"id":16931,"date":"2025-06-16T14:07:59","date_gmt":"2025-06-16T19:07:59","guid":{"rendered":"https:\/\/www.radiointeractivo.com.mx\/?p=16931"},"modified":"2025-06-16T14:08:04","modified_gmt":"2025-06-16T19:08:04","slug":"promueve-inmujer-el-empoderamiento-femenino-en-la-subcultura-gotica","status":"publish","type":"post","link":"https:\/\/www.radiointeractivo.com.mx\/?p=16931","title":{"rendered":"PROMUEVE INMUJER EL EMPODERAMIENTO FEMENINO EN LA SUBCULTURA G\u00d3TICA"},"content":{"rendered":"\n<figure class=\"wp-block-image size-large\"><img loading=\"lazy\" decoding=\"async\" width=\"1024\" height=\"682\" src=\"https:\/\/www.radiointeractivo.com.mx\/wp-content\/uploads\/2025\/06\/WhatsApp-Image-2025-06-16-at-12.40.02-PM-1024x682.jpeg\" alt=\"\" class=\"wp-image-16932\" srcset=\"https:\/\/www.radiointeractivo.com.mx\/wp-content\/uploads\/2025\/06\/WhatsApp-Image-2025-06-16-at-12.40.02-PM-1024x682.jpeg 1024w, https:\/\/www.radiointeractivo.com.mx\/wp-content\/uploads\/2025\/06\/WhatsApp-Image-2025-06-16-at-12.40.02-PM-300x200.jpeg 300w, https:\/\/www.radiointeractivo.com.mx\/wp-content\/uploads\/2025\/06\/WhatsApp-Image-2025-06-16-at-12.40.02-PM-768x512.jpeg 768w, https:\/\/www.radiointeractivo.com.mx\/wp-content\/uploads\/2025\/06\/WhatsApp-Image-2025-06-16-at-12.40.02-PM-1536x1023.jpeg 1536w, https:\/\/www.radiointeractivo.com.mx\/wp-content\/uploads\/2025\/06\/WhatsApp-Image-2025-06-16-at-12.40.02-PM-310x205.jpeg 310w, https:\/\/www.radiointeractivo.com.mx\/wp-content\/uploads\/2025\/06\/WhatsApp-Image-2025-06-16-at-12.40.02-PM.jpeg 1600w\" sizes=\"auto, (max-width: 1024px) 100vw, 1024px\" \/><\/figure>\n\n\n\n<p>Por: Staff | #NuevoLaredo #Laredo #NLD #Tamaulipas<\/p>\n\n\n\n<p>Con el objetivo de crear espacios seguros de expresi\u00f3n e impulsar la participaci\u00f3n activa de las mujeres que pertenecen a la subcultura g\u00f3tica, adem\u00e1s de dar visibilidad a todas ellas a trav\u00e9s de la exposici\u00f3n art\u00edstica, el Instituto Municipal de la Mujer realiz\u00f3 el evento denominado \u201cEmpoderamiento femenino en la subcultura g\u00f3tica\u201d.<\/p>\n\n\n\n<p>El evento se llev\u00f3 a cabo el d\u00eda s\u00e1bado, 14 de junio, en las instalaciones de la Sala Sergio Pe\u00f1a, en donde se dieron cita decenas personas, mismas que pudieron conocer el trabajo de las mujeres en la subcultura g\u00f3tica desde \u00e1mbitos como la m\u00fasica, la literatura, la pintura, la fotograf\u00eda y la expresi\u00f3n personal, a trav\u00e9s de una pasarela de moda tem\u00e1tica alusiva.<\/p>\n\n\n\n<p>La actividad tambi\u00e9n cont\u00f3 con la participaci\u00f3n de 12 expositoras locales, quienes ofrecieron a la venta art\u00edculos alternativos y g\u00f3ticos.<\/p>\n\n\n\n<p>Durante la jornada, INMUJER tambi\u00e9n coloc\u00f3 un m\u00f3dulo para informar a las personas asistentes sobre los diferentes servicios que ofrece a la ciudadan\u00eda como la atenci\u00f3n psicol\u00f3gica y la asesor\u00eda legal para mujeres en situaci\u00f3n de violencia.<\/p>\n","protected":false},"excerpt":{"rendered":"<p>Por: Staff | #NuevoLaredo #Laredo #NLD #Tamaulipas Con el objetivo de crear espacios seguros de expresi\u00f3n e impulsar la participaci\u00f3n activa de las mujeres que pertenecen a la subcultura g\u00f3tica, adem\u00e1s de dar visibilidad a todas ellas a trav\u00e9s de la exposici\u00f3n art\u00edstica, el Instituto Municipal de la Mujer realiz\u00f3 el evento denominado \u201cEmpoderamiento femenino &hellip;<\/p>\n","protected":false},"author":1,"featured_media":16932,"comment_status":"open","ping_status":"open","sticky":false,"template":"","format":"standard","meta":{"footnotes":""},"categories":[38],"tags":[],"class_list":["post-16931","post","type-post","status-publish","format-standard","has-post-thumbnail","","category-nuevo-laredo"],"_links":{"self":[{"href":"https:\/\/www.radiointeractivo.com.mx\/index.php?rest_route=\/wp\/v2\/posts\/16931","targetHints":{"allow":["GET"]}}],"collection":[{"href":"https:\/\/www.radiointeractivo.com.mx\/index.php?rest_route=\/wp\/v2\/posts"}],"about":[{"href":"https:\/\/www.radiointeractivo.com.mx\/index.php?rest_route=\/wp\/v2\/types\/post"}],"author":[{"embeddable":true,"href":"https:\/\/www.radiointeractivo.com.mx\/index.php?rest_route=\/wp\/v2\/users\/1"}],"replies":[{"embeddable":true,"href":"https:\/\/www.radiointeractivo.com.mx\/index.php?rest_route=%2Fwp%2Fv2%2Fcomments&post=16931"}],"version-history":[{"count":1,"href":"https:\/\/www.radiointeractivo.com.mx\/index.php?rest_route=\/wp\/v2\/posts\/16931\/revisions"}],"predecessor-version":[{"id":16933,"href":"https:\/\/www.radiointeractivo.com.mx\/index.php?rest_route=\/wp\/v2\/posts\/16931\/revisions\/16933"}],"wp:featuredmedia":[{"embeddable":true,"href":"https:\/\/www.radiointeractivo.com.mx\/index.php?rest_route=\/wp\/v2\/media\/16932"}],"wp:attachment":[{"href":"https:\/\/www.radiointeractivo.com.mx\/index.php?rest_route=%2Fwp%2Fv2%2Fmedia&parent=16931"}],"wp:term":[{"taxonomy":"category","embeddable":true,"href":"https:\/\/www.radiointeractivo.com.mx\/index.php?rest_route=%2Fwp%2Fv2%2Fcategories&post=16931"},{"taxonomy":"post_tag","embeddable":true,"href":"https:\/\/www.radiointeractivo.com.mx\/index.php?rest_route=%2Fwp%2Fv2%2Ftags&post=16931"}],"curies":[{"name":"wp","href":"https:\/\/api.w.org\/{rel}","templated":true}]}}