{"id":16928,"date":"2025-06-14T15:49:27","date_gmt":"2025-06-14T20:49:27","guid":{"rendered":"https:\/\/www.radiointeractivo.com.mx\/?p=16928"},"modified":"2025-06-14T15:49:29","modified_gmt":"2025-06-14T20:49:29","slug":"nvita-alcaldesa-carmen-lilia-canturosas-al-nld-fest-gran-celebracion-del-177-aniversario-de-nuevo-laredo","status":"publish","type":"post","link":"https:\/\/www.radiointeractivo.com.mx\/?p=16928","title":{"rendered":"NVITA ALCALDESA CARMEN LILIA CANTUROSAS AL NLD FEST: GRAN CELEBRACI\u00d3N DEL 177 ANIVERSARIO DE NUEVO LAREDO"},"content":{"rendered":"\n<figure class=\"wp-block-image size-large\"><img loading=\"lazy\" decoding=\"async\" width=\"1024\" height=\"682\" src=\"https:\/\/www.radiointeractivo.com.mx\/wp-content\/uploads\/2025\/06\/WhatsApp-Image-2025-06-14-at-1.49.54-PM-1024x682.jpeg\" alt=\"\" class=\"wp-image-16929\" srcset=\"https:\/\/www.radiointeractivo.com.mx\/wp-content\/uploads\/2025\/06\/WhatsApp-Image-2025-06-14-at-1.49.54-PM-1024x682.jpeg 1024w, https:\/\/www.radiointeractivo.com.mx\/wp-content\/uploads\/2025\/06\/WhatsApp-Image-2025-06-14-at-1.49.54-PM-300x200.jpeg 300w, https:\/\/www.radiointeractivo.com.mx\/wp-content\/uploads\/2025\/06\/WhatsApp-Image-2025-06-14-at-1.49.54-PM-768x512.jpeg 768w, https:\/\/www.radiointeractivo.com.mx\/wp-content\/uploads\/2025\/06\/WhatsApp-Image-2025-06-14-at-1.49.54-PM-310x205.jpeg 310w, https:\/\/www.radiointeractivo.com.mx\/wp-content\/uploads\/2025\/06\/WhatsApp-Image-2025-06-14-at-1.49.54-PM.jpeg 1280w\" sizes=\"auto, (max-width: 1024px) 100vw, 1024px\" \/><\/figure>\n\n\n\n<p>Por: Staff | #NuevoLaredo #Laredo #NLD #Tamaulipas<\/p>\n\n\n\n<p>Con entusiasmo y orgullo, la presidenta municipal Carmen Lilia Canturosas Villarreal invit\u00f3 a toda la ciudadan\u00eda a ser parte del NLD Fest, el gran concierto gratuito que se llevar\u00e1 a cabo este domingo 15 de junio como parte de los festejos por el 177 aniversario de la fundaci\u00f3n de Nuevo Laredo.<\/p>\n\n\n\n<p>La alcaldesa destac\u00f3 que esta fiesta ha sido pensada para todas y todos los neolaredenses, con un programa musical que incluye agrupaciones de distintos g\u00e9neros para que todas las generaciones puedan disfrutar.<\/p>\n\n\n\n<p>\u201cEl NLD Fest es una fiesta para todos. Hemos preparado este gran evento con mucho cari\u00f1o y con la firme intenci\u00f3n de que cada familia, cada joven, cada adulto, cada ni\u00f1a y ni\u00f1o, encuentren algo que los emocione y los haga sentirse orgullosos de su ciudad. Nos representa nuestra gente, y esta celebraci\u00f3n es para ellas y ellos\u201d, expres\u00f3.<\/p>\n\n\n\n<p>El concierto reunir\u00e1 a grandes artistas como Alex Lora y El TRI, Edwin Luna y La Trakalosa de Monterrey, El Gran Silencio y La Leyenda, quienes har\u00e1n vibrar el escenario con sus \u00e9xitos y energ\u00eda, marcando un momento inolvidable para la ciudad.<\/p>\n\n\n\n<p>Adem\u00e1s del espect\u00e1culo musical, se llevar\u00e1 a cabo la ya tradicional Campechaneada, donde se preparar\u00e1 una discada monumental para tres mil personas y se ahumar\u00e1n m\u00e1s de 400 kilos de pulled pork, en una jornada que tambi\u00e9n incluir\u00e1 gastronom\u00eda local, bebidas, concursos, m\u00fasica en vivo y muchas sorpresas m\u00e1s.<\/p>\n\n\n\n<p>\u201cSer\u00e1 una celebraci\u00f3n con sabor, m\u00fasica y alegr\u00eda. Queremos que todos vivan este aniversario como lo que es: una gran fiesta de orgullo neolaredense\u201d, se\u00f1al\u00f3 Canturosas Villarreal.<\/p>\n\n\n\n<p>Previamente, durante la ma\u00f1ana del domingo, tambi\u00e9n se realizar\u00e1n actividades c\u00edvicas para conmemorar de manera solemne la fundaci\u00f3n de la ciudad. Estas incluir\u00e1n Honores a la Bandera, una guardia de honor en el Monumento a Fundadores, as\u00ed como una sesi\u00f3n solemne de Cabildo, actos que reafirman el respeto a la historia y a las ra\u00edces de Nuevo Laredo.<\/p>\n\n\n\n<p>La alcaldesa reiter\u00f3 su invitaci\u00f3n a todas las familias a sumarse a los festejos y ser parte de esta jornada hist\u00f3rica.<\/p>\n\n\n\n<p>Todo est\u00e1 listo para vivir una jornada memorable en la que la m\u00fasica, la cultura y el orgullo local se conjugar\u00e1n para rendir homenaje a esta ciudad fronteriza que sigue escribiendo su historia con fuerza y coraz\u00f3n.<\/p>\n","protected":false},"excerpt":{"rendered":"<p>Por: Staff | #NuevoLaredo #Laredo #NLD #Tamaulipas Con entusiasmo y orgullo, la presidenta municipal Carmen Lilia Canturosas Villarreal invit\u00f3 a toda la ciudadan\u00eda a ser parte del NLD Fest, el gran concierto gratuito que se llevar\u00e1 a cabo este domingo 15 de junio como parte de los festejos por el 177 aniversario de la fundaci\u00f3n &hellip;<\/p>\n","protected":false},"author":1,"featured_media":16929,"comment_status":"open","ping_status":"open","sticky":false,"template":"","format":"standard","meta":{"footnotes":""},"categories":[38],"tags":[],"class_list":["post-16928","post","type-post","status-publish","format-standard","has-post-thumbnail","","category-nuevo-laredo"],"_links":{"self":[{"href":"https:\/\/www.radiointeractivo.com.mx\/index.php?rest_route=\/wp\/v2\/posts\/16928","targetHints":{"allow":["GET"]}}],"collection":[{"href":"https:\/\/www.radiointeractivo.com.mx\/index.php?rest_route=\/wp\/v2\/posts"}],"about":[{"href":"https:\/\/www.radiointeractivo.com.mx\/index.php?rest_route=\/wp\/v2\/types\/post"}],"author":[{"embeddable":true,"href":"https:\/\/www.radiointeractivo.com.mx\/index.php?rest_route=\/wp\/v2\/users\/1"}],"replies":[{"embeddable":true,"href":"https:\/\/www.radiointeractivo.com.mx\/index.php?rest_route=%2Fwp%2Fv2%2Fcomments&post=16928"}],"version-history":[{"count":1,"href":"https:\/\/www.radiointeractivo.com.mx\/index.php?rest_route=\/wp\/v2\/posts\/16928\/revisions"}],"predecessor-version":[{"id":16930,"href":"https:\/\/www.radiointeractivo.com.mx\/index.php?rest_route=\/wp\/v2\/posts\/16928\/revisions\/16930"}],"wp:featuredmedia":[{"embeddable":true,"href":"https:\/\/www.radiointeractivo.com.mx\/index.php?rest_route=\/wp\/v2\/media\/16929"}],"wp:attachment":[{"href":"https:\/\/www.radiointeractivo.com.mx\/index.php?rest_route=%2Fwp%2Fv2%2Fmedia&parent=16928"}],"wp:term":[{"taxonomy":"category","embeddable":true,"href":"https:\/\/www.radiointeractivo.com.mx\/index.php?rest_route=%2Fwp%2Fv2%2Fcategories&post=16928"},{"taxonomy":"post_tag","embeddable":true,"href":"https:\/\/www.radiointeractivo.com.mx\/index.php?rest_route=%2Fwp%2Fv2%2Ftags&post=16928"}],"curies":[{"name":"wp","href":"https:\/\/api.w.org\/{rel}","templated":true}]}}