{"id":16925,"date":"2025-06-14T15:21:16","date_gmt":"2025-06-14T20:21:16","guid":{"rendered":"https:\/\/www.radiointeractivo.com.mx\/?p=16925"},"modified":"2025-06-14T15:21:19","modified_gmt":"2025-06-14T20:21:19","slug":"concierto-y-danzon-enciende-los-festejos-por-el-177-aniversario-de-nuevo-laredo","status":"publish","type":"post","link":"https:\/\/www.radiointeractivo.com.mx\/?p=16925","title":{"rendered":"CONCIERTO Y DANZ\u00d3N ENCIENDE LOS FESTEJOS POR EL 177 ANIVERSARIO DE NUEVO LAREDO"},"content":{"rendered":"\n<figure class=\"wp-block-image size-large\"><img loading=\"lazy\" decoding=\"async\" width=\"1024\" height=\"684\" src=\"https:\/\/www.radiointeractivo.com.mx\/wp-content\/uploads\/2025\/06\/WhatsApp-Image-2025-06-14-at-1.40.48-PM-1024x684.jpeg\" alt=\"\" class=\"wp-image-16926\" srcset=\"https:\/\/www.radiointeractivo.com.mx\/wp-content\/uploads\/2025\/06\/WhatsApp-Image-2025-06-14-at-1.40.48-PM-1024x684.jpeg 1024w, https:\/\/www.radiointeractivo.com.mx\/wp-content\/uploads\/2025\/06\/WhatsApp-Image-2025-06-14-at-1.40.48-PM-300x200.jpeg 300w, https:\/\/www.radiointeractivo.com.mx\/wp-content\/uploads\/2025\/06\/WhatsApp-Image-2025-06-14-at-1.40.48-PM-768x513.jpeg 768w, https:\/\/www.radiointeractivo.com.mx\/wp-content\/uploads\/2025\/06\/WhatsApp-Image-2025-06-14-at-1.40.48-PM.jpeg 1440w\" sizes=\"auto, (max-width: 1024px) 100vw, 1024px\" \/><\/figure>\n\n\n\n<p>Por: Staff | #NuevoLaredo #Laredo #NLD #Tamaulipas<\/p>\n\n\n\n<p>Con m\u00fasica, baile y mucho orgullo por las tradiciones, el \u201cViernes de Concierto y Danz\u00f3n\u201d se convirti\u00f3 en una verdadera fiesta para calentar motores rumbo a la celebraci\u00f3n del 177 aniversario de la fundaci\u00f3n de Nuevo Laredo.<\/p>\n\n\n\n<p>El evento, que reuni\u00f3 a familias, adultos mayores y j\u00f3venes en un ambiente de alegr\u00eda y convivencia, tuvo como escenario la explanada de la Plaza Ju\u00e1rez, donde se presentaron con gran \u00e9xito la Centenaria Banda de M\u00fasica Municipal, el Grupo Folkl\u00f3rico \u201cCoatlicue\u201d y el Grupo de Danza \u201cMacehuani\u201d.<\/p>\n\n\n\n<p>La velada estuvo marcada por la elegancia del danz\u00f3n, los sonidos tradicionales de la banda y la fuerza del baile folkl\u00f3rico, que hicieron vibrar el coraz\u00f3n de los asistentes y enaltecer las ra\u00edces culturales que dan identidad a esta ciudad fronteriza.<\/p>\n\n\n\n<p>El \u201cViernes de Concierto y Danz\u00f3n\u201d forma parte de la cartelera de actividades organizadas por el Gobierno Municipal para conmemorar un aniversario m\u00e1s de la fundaci\u00f3n de Nuevo Laredo, reafirmando el compromiso con el arte, la cultura y la convivencia ciudadana.<\/p>\n","protected":false},"excerpt":{"rendered":"<p>Por: Staff | #NuevoLaredo #Laredo #NLD #Tamaulipas Con m\u00fasica, baile y mucho orgullo por las tradiciones, el \u201cViernes de Concierto y Danz\u00f3n\u201d se convirti\u00f3 en una verdadera fiesta para calentar motores rumbo a la celebraci\u00f3n del 177 aniversario de la fundaci\u00f3n de Nuevo Laredo. El evento, que reuni\u00f3 a familias, adultos mayores y j\u00f3venes en &hellip;<\/p>\n","protected":false},"author":1,"featured_media":16926,"comment_status":"open","ping_status":"open","sticky":false,"template":"","format":"standard","meta":{"footnotes":""},"categories":[38],"tags":[],"class_list":["post-16925","post","type-post","status-publish","format-standard","has-post-thumbnail","","category-nuevo-laredo"],"_links":{"self":[{"href":"https:\/\/www.radiointeractivo.com.mx\/index.php?rest_route=\/wp\/v2\/posts\/16925","targetHints":{"allow":["GET"]}}],"collection":[{"href":"https:\/\/www.radiointeractivo.com.mx\/index.php?rest_route=\/wp\/v2\/posts"}],"about":[{"href":"https:\/\/www.radiointeractivo.com.mx\/index.php?rest_route=\/wp\/v2\/types\/post"}],"author":[{"embeddable":true,"href":"https:\/\/www.radiointeractivo.com.mx\/index.php?rest_route=\/wp\/v2\/users\/1"}],"replies":[{"embeddable":true,"href":"https:\/\/www.radiointeractivo.com.mx\/index.php?rest_route=%2Fwp%2Fv2%2Fcomments&post=16925"}],"version-history":[{"count":1,"href":"https:\/\/www.radiointeractivo.com.mx\/index.php?rest_route=\/wp\/v2\/posts\/16925\/revisions"}],"predecessor-version":[{"id":16927,"href":"https:\/\/www.radiointeractivo.com.mx\/index.php?rest_route=\/wp\/v2\/posts\/16925\/revisions\/16927"}],"wp:featuredmedia":[{"embeddable":true,"href":"https:\/\/www.radiointeractivo.com.mx\/index.php?rest_route=\/wp\/v2\/media\/16926"}],"wp:attachment":[{"href":"https:\/\/www.radiointeractivo.com.mx\/index.php?rest_route=%2Fwp%2Fv2%2Fmedia&parent=16925"}],"wp:term":[{"taxonomy":"category","embeddable":true,"href":"https:\/\/www.radiointeractivo.com.mx\/index.php?rest_route=%2Fwp%2Fv2%2Fcategories&post=16925"},{"taxonomy":"post_tag","embeddable":true,"href":"https:\/\/www.radiointeractivo.com.mx\/index.php?rest_route=%2Fwp%2Fv2%2Ftags&post=16925"}],"curies":[{"name":"wp","href":"https:\/\/api.w.org\/{rel}","templated":true}]}}