{"id":16450,"date":"2025-05-19T22:56:55","date_gmt":"2025-05-20T03:56:55","guid":{"rendered":"https:\/\/www.radiointeractivo.com.mx\/?p=16450"},"modified":"2025-05-19T22:56:57","modified_gmt":"2025-05-20T03:56:57","slug":"asisten-estudiantes-y-docentes-de-la-uttn-al-29-o-congreso-anual-de-comercio-del-hemisferio-occidental","status":"publish","type":"post","link":"https:\/\/www.radiointeractivo.com.mx\/?p=16450","title":{"rendered":"Asisten estudiantes y docentes de la UTTN al 29.\u00ba Congreso Anual de Comercio del Hemisferio Occidental"},"content":{"rendered":"\n<p>Mayo 19 de 2025<\/p>\n\n\n\n<p>Laredo, Texas.\u2013 Estudiantes y docentes de la Universidad Tecnol\u00f3gica de Tamaulipas Norte (UTTN) asistieron al 29.\u00ba Congreso Anual de Comercio del Hemisferio Occidental, en donde participaron con ponencias, trabajos y proyectos de investigaci\u00f3n.<\/p>\n\n\n\n<p>El rector de la instituci\u00f3n, Edgar Garza Hern\u00e1ndez, inform\u00f3 que el congreso se llev\u00f3 a cabo en la ciudad de Laredo, Texas, donde la UTTN, junto a la Universidad Internacional Texas A&amp;M (TAMIU), la Escuela de Negocios A.R. S\u00e1nchez, Jr. (ARSSB) y el Centro para el Estudio del Comercio Hemisf\u00e9rico Occidental (CSWHT), en asociaci\u00f3n con la Facultad de Comercio, Administraci\u00f3n y Ciencias Sociales de la Universidad Aut\u00f3noma de Tamaulipas (UAT), campus Nuevo Laredo, fueron patrocinadores de este importante encuentro.<\/p>\n\n\n\n<p>Mencion\u00f3 que en el congreso participaron alumnas, alumnos y docentes de la carrera de Administraci\u00f3n y Log\u00edstica Internacional, quienes expusieron nueve proyectos de estad\u00edas por parte de los estudiantes, as\u00ed como una publicaci\u00f3n de investigaci\u00f3n acad\u00e9mica presentada por el profesorado.<\/p>\n\n\n\n<p>\u201cEn este congreso, los ponentes lograron adquirir una visi\u00f3n actual de las problem\u00e1ticas de la sociedad y las empresas, construyendo propuestas de soluci\u00f3n desde el \u00e1mbito acad\u00e9mico, reforzando las habilidades y competencias de los estudiantes de la UTTN a trav\u00e9s de proyectos sustentados con argumentos s\u00f3lidos y eficaces, manteniendo la integridad en el debate para la defensa de sus propuestas\u201d, enfatiz\u00f3.<\/p>\n\n\n\n<p>Manifest\u00f3 que este encuentro tambi\u00e9n contribuy\u00f3 a la preparaci\u00f3n de profesionistas que puedan insertarse en el mercado laboral con experiencia de formaci\u00f3n internacional, brindando nuevas oportunidades de desarrollo a las y los egresados en las entidades productivas de la regi\u00f3n e incluso a nivel internacional.<\/p>\n\n\n\n<p>Garza Hern\u00e1ndez destac\u00f3 que, con estas actividades, la UTTN cumple con la visi\u00f3n educativa que impulsa el gobernador Am\u00e9rico Villarreal Anaya, a trav\u00e9s de la Secretar\u00eda de Educaci\u00f3n, a cargo de su titular, Miguel \u00c1ngel Valdez Garc\u00eda, de fomentar una educaci\u00f3n superior con altos est\u00e1ndares acad\u00e9micos.<\/p>\n\n\n\n<pre class=\"wp-block-code\"><code>       *     *     *<\/code><\/pre>\n","protected":false},"excerpt":{"rendered":"<p>Mayo 19 de 2025 Laredo, Texas.\u2013 Estudiantes y docentes de la Universidad Tecnol\u00f3gica de Tamaulipas Norte (UTTN) asistieron al 29.\u00ba Congreso Anual de Comercio del Hemisferio Occidental, en donde participaron con ponencias, trabajos y proyectos de investigaci\u00f3n. El rector de la instituci\u00f3n, Edgar Garza Hern\u00e1ndez, inform\u00f3 que el congreso se llev\u00f3 a cabo en la &hellip;<\/p>\n","protected":false},"author":2,"featured_media":16451,"comment_status":"open","ping_status":"open","sticky":false,"template":"","format":"standard","meta":{"footnotes":""},"categories":[39],"tags":[],"class_list":["post-16450","post","type-post","status-publish","format-standard","has-post-thumbnail","","category-tamaulipas"],"_links":{"self":[{"href":"https:\/\/www.radiointeractivo.com.mx\/index.php?rest_route=\/wp\/v2\/posts\/16450","targetHints":{"allow":["GET"]}}],"collection":[{"href":"https:\/\/www.radiointeractivo.com.mx\/index.php?rest_route=\/wp\/v2\/posts"}],"about":[{"href":"https:\/\/www.radiointeractivo.com.mx\/index.php?rest_route=\/wp\/v2\/types\/post"}],"author":[{"embeddable":true,"href":"https:\/\/www.radiointeractivo.com.mx\/index.php?rest_route=\/wp\/v2\/users\/2"}],"replies":[{"embeddable":true,"href":"https:\/\/www.radiointeractivo.com.mx\/index.php?rest_route=%2Fwp%2Fv2%2Fcomments&post=16450"}],"version-history":[{"count":1,"href":"https:\/\/www.radiointeractivo.com.mx\/index.php?rest_route=\/wp\/v2\/posts\/16450\/revisions"}],"predecessor-version":[{"id":16452,"href":"https:\/\/www.radiointeractivo.com.mx\/index.php?rest_route=\/wp\/v2\/posts\/16450\/revisions\/16452"}],"wp:featuredmedia":[{"embeddable":true,"href":"https:\/\/www.radiointeractivo.com.mx\/index.php?rest_route=\/wp\/v2\/media\/16451"}],"wp:attachment":[{"href":"https:\/\/www.radiointeractivo.com.mx\/index.php?rest_route=%2Fwp%2Fv2%2Fmedia&parent=16450"}],"wp:term":[{"taxonomy":"category","embeddable":true,"href":"https:\/\/www.radiointeractivo.com.mx\/index.php?rest_route=%2Fwp%2Fv2%2Fcategories&post=16450"},{"taxonomy":"post_tag","embeddable":true,"href":"https:\/\/www.radiointeractivo.com.mx\/index.php?rest_route=%2Fwp%2Fv2%2Ftags&post=16450"}],"curies":[{"name":"wp","href":"https:\/\/api.w.org\/{rel}","templated":true}]}}