{"id":16388,"date":"2025-05-15T14:17:22","date_gmt":"2025-05-15T19:17:22","guid":{"rendered":"https:\/\/www.radiointeractivo.com.mx\/?p=16388"},"modified":"2025-05-15T14:17:24","modified_gmt":"2025-05-15T19:17:24","slug":"vacunaran-a-mascotas-gratis-en-presidencia-cerquita-de-ti","status":"publish","type":"post","link":"https:\/\/www.radiointeractivo.com.mx\/?p=16388","title":{"rendered":"VACUNAR\u00c1N A MASCOTAS GRATIS EN PRESIDENCIA CERQUITA DE TI"},"content":{"rendered":"\n<figure class=\"wp-block-image size-large\"><img loading=\"lazy\" decoding=\"async\" width=\"1024\" height=\"684\" src=\"https:\/\/www.radiointeractivo.com.mx\/wp-content\/uploads\/2025\/05\/WhatsApp-Image-2025-05-15-at-1.44.30-PM-1024x684.jpeg\" alt=\"\" class=\"wp-image-16389\" srcset=\"https:\/\/www.radiointeractivo.com.mx\/wp-content\/uploads\/2025\/05\/WhatsApp-Image-2025-05-15-at-1.44.30-PM-1024x684.jpeg 1024w, https:\/\/www.radiointeractivo.com.mx\/wp-content\/uploads\/2025\/05\/WhatsApp-Image-2025-05-15-at-1.44.30-PM-300x200.jpeg 300w, https:\/\/www.radiointeractivo.com.mx\/wp-content\/uploads\/2025\/05\/WhatsApp-Image-2025-05-15-at-1.44.30-PM-768x513.jpeg 768w, https:\/\/www.radiointeractivo.com.mx\/wp-content\/uploads\/2025\/05\/WhatsApp-Image-2025-05-15-at-1.44.30-PM-1536x1026.jpeg 1536w, https:\/\/www.radiointeractivo.com.mx\/wp-content\/uploads\/2025\/05\/WhatsApp-Image-2025-05-15-at-1.44.30-PM.jpeg 1600w\" sizes=\"auto, (max-width: 1024px) 100vw, 1024px\" \/><\/figure>\n\n\n\n<p>Por: Staff | #NuevoLaredo #Laredo #NLD #Tamaulipas<\/p>\n\n\n\n<p>Como parte del compromiso del Gobierno Municipal de estar cerca de la ciudadan\u00eda, este viernes 16 de mayo el programa \u201cPresidencia Cerquita de Ti\u201d llegar\u00e1 a la colonia Valles del Para\u00edso, donde vecinas y vecinos podr\u00e1n acceder a m\u00e1s de 100 tr\u00e1mites y servicios gratuitos sin salir de su comunidad.<\/p>\n\n\n\n<p>La jornada se llevar\u00e1 a cabo en el parque recreativo ubicado en Avenida Eva y calle Ciruelos, en un horario de 9:00 de la ma\u00f1ana a 2:00 de la tarde.<\/p>\n\n\n\n<p>Entre los servicios m\u00e1s destacados se encuentran los de salud, como atenci\u00f3n m\u00e9dica general, consultas dentales, nutricionales y psicol\u00f3gicas, as\u00ed como el m\u00f3dulo especializado de Salud Integral de la Mujer (SIM) y cortes de cabello gratuitos.<\/p>\n\n\n\n<p>Tr\u00e1mite de credenciales para personas con discapacidad<\/p>\n\n\n\n<p>Inscripci\u00f3n a rehabilitaci\u00f3n f\u00edsica (CRI-DIF)<\/p>\n\n\n\n<p>Atenci\u00f3n jur\u00eddica y psicol\u00f3gica<\/p>\n\n\n\n<p>Atenci\u00f3n m\u00e9dica y dental<\/p>\n\n\n\n<p>Los asistentes tambi\u00e9n podr\u00e1n:<\/p>\n\n\n\n<p>Realizar reportes y tr\u00e1mites municipales<\/p>\n\n\n\n<p>Acceder a asesor\u00edas legales y convenios<\/p>\n\n\n\n<p>Incorporarse a programas sociales<\/p>\n\n\n\n<p>Participar en talleres culturales y deportivos<\/p>\n\n\n\n<p>Solicitar la tarjeta de descuentos \u201cJuntos Lo Hacemos Posible\u201d<\/p>\n\n\n\n<p>Recibir apoyos alimentarios<\/p>\n\n\n\n<p>Vacunar a sus mascotas<\/p>\n\n\n\n<p>Con este programa, el Gobierno de Nuevo Laredo que encabeza la alcaldesa Carmen Lilia Canturosas Villarreal, reafirma su compromiso de llevar los servicios p\u00fablicos directamente a las colonias, facilitando la atenci\u00f3n y fortaleciendo la cercan\u00eda con la gente.<\/p>\n","protected":false},"excerpt":{"rendered":"<p>Por: Staff | #NuevoLaredo #Laredo #NLD #Tamaulipas Como parte del compromiso del Gobierno Municipal de estar cerca de la ciudadan\u00eda, este viernes 16 de mayo el programa \u201cPresidencia Cerquita de Ti\u201d llegar\u00e1 a la colonia Valles del Para\u00edso, donde vecinas y vecinos podr\u00e1n acceder a m\u00e1s de 100 tr\u00e1mites y servicios gratuitos sin salir de &hellip;<\/p>\n","protected":false},"author":1,"featured_media":16389,"comment_status":"open","ping_status":"open","sticky":false,"template":"","format":"standard","meta":{"footnotes":""},"categories":[38],"tags":[],"class_list":["post-16388","post","type-post","status-publish","format-standard","has-post-thumbnail","","category-nuevo-laredo"],"_links":{"self":[{"href":"https:\/\/www.radiointeractivo.com.mx\/index.php?rest_route=\/wp\/v2\/posts\/16388","targetHints":{"allow":["GET"]}}],"collection":[{"href":"https:\/\/www.radiointeractivo.com.mx\/index.php?rest_route=\/wp\/v2\/posts"}],"about":[{"href":"https:\/\/www.radiointeractivo.com.mx\/index.php?rest_route=\/wp\/v2\/types\/post"}],"author":[{"embeddable":true,"href":"https:\/\/www.radiointeractivo.com.mx\/index.php?rest_route=\/wp\/v2\/users\/1"}],"replies":[{"embeddable":true,"href":"https:\/\/www.radiointeractivo.com.mx\/index.php?rest_route=%2Fwp%2Fv2%2Fcomments&post=16388"}],"version-history":[{"count":1,"href":"https:\/\/www.radiointeractivo.com.mx\/index.php?rest_route=\/wp\/v2\/posts\/16388\/revisions"}],"predecessor-version":[{"id":16390,"href":"https:\/\/www.radiointeractivo.com.mx\/index.php?rest_route=\/wp\/v2\/posts\/16388\/revisions\/16390"}],"wp:featuredmedia":[{"embeddable":true,"href":"https:\/\/www.radiointeractivo.com.mx\/index.php?rest_route=\/wp\/v2\/media\/16389"}],"wp:attachment":[{"href":"https:\/\/www.radiointeractivo.com.mx\/index.php?rest_route=%2Fwp%2Fv2%2Fmedia&parent=16388"}],"wp:term":[{"taxonomy":"category","embeddable":true,"href":"https:\/\/www.radiointeractivo.com.mx\/index.php?rest_route=%2Fwp%2Fv2%2Fcategories&post=16388"},{"taxonomy":"post_tag","embeddable":true,"href":"https:\/\/www.radiointeractivo.com.mx\/index.php?rest_route=%2Fwp%2Fv2%2Ftags&post=16388"}],"curies":[{"name":"wp","href":"https:\/\/api.w.org\/{rel}","templated":true}]}}