{"id":16385,"date":"2025-05-15T14:04:35","date_gmt":"2025-05-15T19:04:35","guid":{"rendered":"https:\/\/www.radiointeractivo.com.mx\/?p=16385"},"modified":"2025-05-15T14:04:37","modified_gmt":"2025-05-15T19:04:37","slug":"presentan-a-la-nueva-estructura-del-comite-directivo-municipal-del-pri-nuevo-laredo","status":"publish","type":"post","link":"https:\/\/www.radiointeractivo.com.mx\/?p=16385","title":{"rendered":"PRESENTAN A LA NUEVA ESTRUCTURA DEL COMIT\u00c9 DIRECTIVO MUNICIPAL DEL PRI NUEVO LAREDO."},"content":{"rendered":"\n<figure class=\"wp-block-image size-large\"><img loading=\"lazy\" decoding=\"async\" width=\"1024\" height=\"516\" src=\"https:\/\/www.radiointeractivo.com.mx\/wp-content\/uploads\/2025\/05\/WhatsApp-Image-2025-05-15-at-6.43.17-AM-2-1024x516.jpeg\" alt=\"\" class=\"wp-image-16386\" srcset=\"https:\/\/www.radiointeractivo.com.mx\/wp-content\/uploads\/2025\/05\/WhatsApp-Image-2025-05-15-at-6.43.17-AM-2-1024x516.jpeg 1024w, https:\/\/www.radiointeractivo.com.mx\/wp-content\/uploads\/2025\/05\/WhatsApp-Image-2025-05-15-at-6.43.17-AM-2-300x151.jpeg 300w, https:\/\/www.radiointeractivo.com.mx\/wp-content\/uploads\/2025\/05\/WhatsApp-Image-2025-05-15-at-6.43.17-AM-2-768x387.jpeg 768w, https:\/\/www.radiointeractivo.com.mx\/wp-content\/uploads\/2025\/05\/WhatsApp-Image-2025-05-15-at-6.43.17-AM-2-1536x774.jpeg 1536w, https:\/\/www.radiointeractivo.com.mx\/wp-content\/uploads\/2025\/05\/WhatsApp-Image-2025-05-15-at-6.43.17-AM-2.jpeg 1600w\" sizes=\"auto, (max-width: 1024px) 100vw, 1024px\" \/><\/figure>\n\n\n\n<p>-&#8220;Esta es una nueva etapa en el PRI Nuevo Laredo, donde juntos construiremos un mejor y nuevo camino, trabajando en equipo y siempre con lealtad&#8221;, Leticia Barrera.<\/p>\n\n\n\n<p>Por: Agencias | #NuevoLaredo #Laredo #NLD #Tamaulipas<\/p>\n\n\n\n<p>Nuevo Laredo, Tamaulipas. &#8211; A trav\u00e9s de una rueda de prensa el Comit\u00e9 Directivo Municipal del PRI Nuevo Laredo, dio a conocer a los integrantes de su estructura, luego de que se concluy\u00f3 con la entrega de sus respectivos nombramientos.<\/p>\n\n\n\n<p>La presidenta del Comit\u00e9, Leticia Barrera Garza en compa\u00f1\u00eda del secretario del partido Jes\u00fas Ramos Mancilla, fue la encargada de presentar a cada uno de los secretarios.<\/p>\n\n\n\n<p>En su intervenci\u00f3n, dijo que con dicho equipo de trabajo se construye un mejor y nuevo camino sobre los cimientos y principios del Revolucionario Institucional.<\/p>\n\n\n\n<p>\u201cMe acompa\u00f1a un grupo de verdaderos priistas que en las buenas y en las malas; en las primaveras y en los inviernos, han permanecido firmes dentro del tricolor. Son hombres y mujeres con los principios del PRI muy arraigados por lo que tienen el perfil id\u00f3neo para ocupar las secretar\u00edas de nuestro Instituto pol\u00edtico\u201d, subray\u00f3 Barrera Garza.<\/p>\n\n\n\n<p>La estructura del Comit\u00e9 Municipal qued\u00f3 integrada de la siguiente manera:<\/p>\n\n\n\n<p>&#8211; Jes\u00fas Ramos Mancilla, Secretario General<br>&#8211; Mar\u00eda Isabel Espinoza Contreras, Secretaria de Organizaci\u00f3n<br>&#8211; Fernando Rodr\u00edguez Garza, Secretario de Operaci\u00f3n Pol\u00edtica<br>&#8211; Julio Casta\u00f1eda L\u00f3pez, Secretario de Acci\u00f3n Electoral<br>&#8211; Jes\u00fas Landa Ar\u00e9chiga, Secretario de Finanzas<br>&#8211; Julia Elena Torres Valenzuela, Secretaria de Gesti\u00f3n Social<br>&#8211; Gilberto Tejeda Ochoa, Secretario Jur\u00eddico<br>&#8211; Elia C\u00e1rdenas Guajardo, Secretaria de Atenci\u00f3n a Personas Adultas<br>&#8211; Blanca Lilia Mart\u00ednez Medrano, Secretaria de Atenci\u00f3n a personas con Discapacidad.<br>&#8211; Deyanira Santill\u00e1n Villanueva, Secretaria de Asuntos Migratorios<br>&#8211; Alberto Delgado Gallegos, Departamento del Registro partidario y Credencializaci\u00f3n<br>&#8211; Paulina Zapata Mu\u00f1iz, Secretaria de Deportes<br>&#8211; Alicia Garza Marroqu\u00ed, Coordinadora Prepa-PRI<br>&#8211; Andr\u00e9s Eliseo Garza, Secretario de Diversidad<br>&#8211; Lesly Sara\u00ed Barr\u00f3n Ortega, Secretaria Adjunta a la presidencia<br>&#8211; Ana Lilia Garza Villarreal, Secretaria del Medio Ambiente<br>&#8211; Sa\u00fal Guti\u00e9rrez Soto, Secretario Adjunto a la Secretar\u00eda General<br>&#8211; Blanca Aurora Ortiz, Secretaria de Asuntos Religiosos<br>&#8211; Baudelia Ju\u00e1rez Garc\u00eda, Secretaria de Vinculaci\u00f3n con Instituciones Educativas<br>&#8211; Guadalupe Campos Morena, Secretaria de Cultura<br>&#8211; Julio C\u00e9sar Alvarado, Secretario de Acci\u00f3n Legislativa.<\/p>\n\n\n\n<p>Con sus Sectores y Organizaciones tanto pol\u00edticos como especializados y ahora con esta nueva estructura partidista, las ruedas del engranaje tricolor giran con fuerza y con nuevos br\u00edos para recuperar el lugar que nos pertenece.<\/p>\n","protected":false},"excerpt":{"rendered":"<p>-&#8220;Esta es una nueva etapa en el PRI Nuevo Laredo, donde juntos construiremos un mejor y nuevo camino, trabajando en equipo y siempre con lealtad&#8221;, Leticia Barrera. Por: Agencias | #NuevoLaredo #Laredo #NLD #Tamaulipas Nuevo Laredo, Tamaulipas. &#8211; A trav\u00e9s de una rueda de prensa el Comit\u00e9 Directivo Municipal del PRI Nuevo Laredo, dio a &hellip;<\/p>\n","protected":false},"author":1,"featured_media":16386,"comment_status":"open","ping_status":"open","sticky":false,"template":"","format":"standard","meta":{"footnotes":""},"categories":[38],"tags":[],"class_list":["post-16385","post","type-post","status-publish","format-standard","has-post-thumbnail","","category-nuevo-laredo"],"_links":{"self":[{"href":"https:\/\/www.radiointeractivo.com.mx\/index.php?rest_route=\/wp\/v2\/posts\/16385","targetHints":{"allow":["GET"]}}],"collection":[{"href":"https:\/\/www.radiointeractivo.com.mx\/index.php?rest_route=\/wp\/v2\/posts"}],"about":[{"href":"https:\/\/www.radiointeractivo.com.mx\/index.php?rest_route=\/wp\/v2\/types\/post"}],"author":[{"embeddable":true,"href":"https:\/\/www.radiointeractivo.com.mx\/index.php?rest_route=\/wp\/v2\/users\/1"}],"replies":[{"embeddable":true,"href":"https:\/\/www.radiointeractivo.com.mx\/index.php?rest_route=%2Fwp%2Fv2%2Fcomments&post=16385"}],"version-history":[{"count":1,"href":"https:\/\/www.radiointeractivo.com.mx\/index.php?rest_route=\/wp\/v2\/posts\/16385\/revisions"}],"predecessor-version":[{"id":16387,"href":"https:\/\/www.radiointeractivo.com.mx\/index.php?rest_route=\/wp\/v2\/posts\/16385\/revisions\/16387"}],"wp:featuredmedia":[{"embeddable":true,"href":"https:\/\/www.radiointeractivo.com.mx\/index.php?rest_route=\/wp\/v2\/media\/16386"}],"wp:attachment":[{"href":"https:\/\/www.radiointeractivo.com.mx\/index.php?rest_route=%2Fwp%2Fv2%2Fmedia&parent=16385"}],"wp:term":[{"taxonomy":"category","embeddable":true,"href":"https:\/\/www.radiointeractivo.com.mx\/index.php?rest_route=%2Fwp%2Fv2%2Fcategories&post=16385"},{"taxonomy":"post_tag","embeddable":true,"href":"https:\/\/www.radiointeractivo.com.mx\/index.php?rest_route=%2Fwp%2Fv2%2Ftags&post=16385"}],"curies":[{"name":"wp","href":"https:\/\/api.w.org\/{rel}","templated":true}]}}