{"id":16382,"date":"2025-05-15T13:57:50","date_gmt":"2025-05-15T18:57:50","guid":{"rendered":"https:\/\/www.radiointeractivo.com.mx\/?p=16382"},"modified":"2025-05-15T13:57:52","modified_gmt":"2025-05-15T18:57:52","slug":"mantiene-servicios-publicos-primarios-servicio-de-pipas-en-colonias-y-ejidos-de-la-periferia","status":"publish","type":"post","link":"https:\/\/www.radiointeractivo.com.mx\/?p=16382","title":{"rendered":"MANTIENE SERVICIOS P\u00daBLICOS PRIMARIOS SERVICIO DE PIPAS EN COLONIAS Y EJIDOS DE LA PERIFERIA"},"content":{"rendered":"\n<figure class=\"wp-block-image size-large\"><img loading=\"lazy\" decoding=\"async\" width=\"1024\" height=\"576\" src=\"https:\/\/www.radiointeractivo.com.mx\/wp-content\/uploads\/2025\/05\/WhatsApp-Image-2025-05-15-at-1.43.01-PM-1024x576.jpeg\" alt=\"\" class=\"wp-image-16383\" srcset=\"https:\/\/www.radiointeractivo.com.mx\/wp-content\/uploads\/2025\/05\/WhatsApp-Image-2025-05-15-at-1.43.01-PM-1024x576.jpeg 1024w, https:\/\/www.radiointeractivo.com.mx\/wp-content\/uploads\/2025\/05\/WhatsApp-Image-2025-05-15-at-1.43.01-PM-300x169.jpeg 300w, https:\/\/www.radiointeractivo.com.mx\/wp-content\/uploads\/2025\/05\/WhatsApp-Image-2025-05-15-at-1.43.01-PM-768x432.jpeg 768w, https:\/\/www.radiointeractivo.com.mx\/wp-content\/uploads\/2025\/05\/WhatsApp-Image-2025-05-15-at-1.43.01-PM-1536x864.jpeg 1536w, https:\/\/www.radiointeractivo.com.mx\/wp-content\/uploads\/2025\/05\/WhatsApp-Image-2025-05-15-at-1.43.01-PM.jpeg 1600w\" sizes=\"auto, (max-width: 1024px) 100vw, 1024px\" \/><\/figure>\n\n\n\n<p>Por: Staff | #NuevoLaredo #Laredo #NLD #Tamaulipas<\/p>\n\n\n\n<p>Comprometidos con el bienestar de todas y todos los neolaredenses, el Gobierno Municipal, a trav\u00e9s de la Secretar\u00eda de Servicios P\u00fablicos Primarios, contin\u00faa llevando agua potable a sectores de la periferia donde a\u00fan no se cuenta con red de abastecimiento.<\/p>\n\n\n\n<p>Even Arredondo Bravo, titular de la dependencia, gracias al programa de distribuci\u00f3n de agua potable, actualmente se benefician m\u00e1s de 400 familias, quienes reciben este recurso esencial directamente en sus comunidades. Esta acci\u00f3n responde a una visi\u00f3n de gobierno humanista que lleva este tipo de servicios a los sectores m\u00e1s vulnerables.<\/p>\n\n\n\n<p>El apoyo se brinda en 20 sectores, incluyendo zonas como los kil\u00f3metros, ocho ejidos y asentamientos como Lomas del Rosario, El Bayito 2, San Roberto, Nueva Uni\u00f3n, Naciones Unidas, Los Artistas 2, as\u00ed como dos escuelas ubicadas en los kil\u00f3metros y un jard\u00edn de ni\u00f1os en el Ejido La Cruz.<\/p>\n\n\n\n<p>Adem\u00e1s, para reforzar el acceso al agua durante esta temporada de calor, el municipio llena semanalmente tres tinacos de 10 mil litros en el Kil\u00f3metro 18, Bayito y Ejido La Cruz, asegurando que m\u00e1s familias cuenten con este vital l\u00edquido de manera continua.<\/p>\n\n\n\n<p>Estas acciones reafirman nuestro compromiso con una ciudad m\u00e1s justa, solidaria y equitativa, donde los servicios b\u00e1sicos llegan hasta el \u00faltimo rinc\u00f3n de Nuevo Laredo.<\/p>\n","protected":false},"excerpt":{"rendered":"<p>Por: Staff | #NuevoLaredo #Laredo #NLD #Tamaulipas Comprometidos con el bienestar de todas y todos los neolaredenses, el Gobierno Municipal, a trav\u00e9s de la Secretar\u00eda de Servicios P\u00fablicos Primarios, contin\u00faa llevando agua potable a sectores de la periferia donde a\u00fan no se cuenta con red de abastecimiento. Even Arredondo Bravo, titular de la dependencia, gracias &hellip;<\/p>\n","protected":false},"author":1,"featured_media":16383,"comment_status":"open","ping_status":"open","sticky":false,"template":"","format":"standard","meta":{"footnotes":""},"categories":[38],"tags":[],"class_list":["post-16382","post","type-post","status-publish","format-standard","has-post-thumbnail","","category-nuevo-laredo"],"_links":{"self":[{"href":"https:\/\/www.radiointeractivo.com.mx\/index.php?rest_route=\/wp\/v2\/posts\/16382","targetHints":{"allow":["GET"]}}],"collection":[{"href":"https:\/\/www.radiointeractivo.com.mx\/index.php?rest_route=\/wp\/v2\/posts"}],"about":[{"href":"https:\/\/www.radiointeractivo.com.mx\/index.php?rest_route=\/wp\/v2\/types\/post"}],"author":[{"embeddable":true,"href":"https:\/\/www.radiointeractivo.com.mx\/index.php?rest_route=\/wp\/v2\/users\/1"}],"replies":[{"embeddable":true,"href":"https:\/\/www.radiointeractivo.com.mx\/index.php?rest_route=%2Fwp%2Fv2%2Fcomments&post=16382"}],"version-history":[{"count":1,"href":"https:\/\/www.radiointeractivo.com.mx\/index.php?rest_route=\/wp\/v2\/posts\/16382\/revisions"}],"predecessor-version":[{"id":16384,"href":"https:\/\/www.radiointeractivo.com.mx\/index.php?rest_route=\/wp\/v2\/posts\/16382\/revisions\/16384"}],"wp:featuredmedia":[{"embeddable":true,"href":"https:\/\/www.radiointeractivo.com.mx\/index.php?rest_route=\/wp\/v2\/media\/16383"}],"wp:attachment":[{"href":"https:\/\/www.radiointeractivo.com.mx\/index.php?rest_route=%2Fwp%2Fv2%2Fmedia&parent=16382"}],"wp:term":[{"taxonomy":"category","embeddable":true,"href":"https:\/\/www.radiointeractivo.com.mx\/index.php?rest_route=%2Fwp%2Fv2%2Fcategories&post=16382"},{"taxonomy":"post_tag","embeddable":true,"href":"https:\/\/www.radiointeractivo.com.mx\/index.php?rest_route=%2Fwp%2Fv2%2Ftags&post=16382"}],"curies":[{"name":"wp","href":"https:\/\/api.w.org\/{rel}","templated":true}]}}