{"id":16378,"date":"2025-05-14T20:19:20","date_gmt":"2025-05-15T01:19:20","guid":{"rendered":"https:\/\/www.radiointeractivo.com.mx\/?p=16378"},"modified":"2025-05-14T20:19:22","modified_gmt":"2025-05-15T01:19:22","slug":"van-en-serio-contra-la-obesidad-y-el-sobrepeso-en-tamaulipas","status":"publish","type":"post","link":"https:\/\/www.radiointeractivo.com.mx\/?p=16378","title":{"rendered":"VAN EN SERIO CONTRA LA OBESIDAD Y EL SOBREPESO EN TAMAULIPAS"},"content":{"rendered":"\n<figure class=\"wp-block-image size-large\"><img loading=\"lazy\" decoding=\"async\" width=\"1024\" height=\"682\" src=\"https:\/\/www.radiointeractivo.com.mx\/wp-content\/uploads\/2025\/05\/WhatsApp-Image-2025-05-14-at-9.02.16-AM-1-1024x682.jpeg\" alt=\"\" class=\"wp-image-16379\" srcset=\"https:\/\/www.radiointeractivo.com.mx\/wp-content\/uploads\/2025\/05\/WhatsApp-Image-2025-05-14-at-9.02.16-AM-1-1024x682.jpeg 1024w, https:\/\/www.radiointeractivo.com.mx\/wp-content\/uploads\/2025\/05\/WhatsApp-Image-2025-05-14-at-9.02.16-AM-1-300x200.jpeg 300w, https:\/\/www.radiointeractivo.com.mx\/wp-content\/uploads\/2025\/05\/WhatsApp-Image-2025-05-14-at-9.02.16-AM-1-768x512.jpeg 768w, https:\/\/www.radiointeractivo.com.mx\/wp-content\/uploads\/2025\/05\/WhatsApp-Image-2025-05-14-at-9.02.16-AM-1-310x205.jpeg 310w, https:\/\/www.radiointeractivo.com.mx\/wp-content\/uploads\/2025\/05\/WhatsApp-Image-2025-05-14-at-9.02.16-AM-1.jpeg 1280w\" sizes=\"auto, (max-width: 1024px) 100vw, 1024px\" \/><\/figure>\n\n\n\n<p>* Presenta la diputada local, Ana Laura Huerta, iniciativa que incluye la orientaci\u00f3n, vigilancia y promoci\u00f3n de la nutrici\u00f3n y de las condiciones alimentarias.<\/p>\n\n\n\n<p>* Se busca adem\u00e1s prevenir trastornos alimenticios como la anorexia o la bulimia.<\/p>\n\n\n\n<p>Por: Agencias<\/p>\n\n\n\n<p>Nuevo Laredo, Tam. \u2013 \u201cEl prop\u00f3sito de esta iniciativa es proporcionar un marco jur\u00eddico que permita desarrollar los mecanismos y las herramientas necesarias para prevenir y atender integralmente la obesidad, el sobrepeso y los trastornos de la conducta alimentaria, as\u00ed como para promover en sus habitantes la adopci\u00f3n de h\u00e1bitos de alimentaci\u00f3n y nutricionales correctos\u201d, se\u00f1al\u00f3 la diputada local, Ana Laura Huerta Valdovinos.<\/p>\n\n\n\n<p>Dijo que era necesario expedir esta Ley para prevenir y atender la obesidad y los trastornos alimenticios, con el fin de reducir la prevalencia de estas condiciones, sensibilizando a la poblaci\u00f3n sobre los riesgos que conlleva la mala alimentaci\u00f3n y la falta de actividad f\u00edsica.<\/p>\n\n\n\n<p>En ese contexto la legisladora inform\u00f3 que se propuso reformar el art\u00edculo tercero de la Ley de Salud para el Estado de Tamaulipas en su n\u00famero I, Inciso L para quedar de la siguiente manera:<\/p>\n\n\n\n<p>La orientaci\u00f3n, vigilancia y promoci\u00f3n del mejoramiento de la nutrici\u00f3n y de las condiciones de alimentaci\u00f3n, especialmente en materia del combate a la obesidad y los trastornos alimentarios. Cuando anteriormente solo rezaba: La orientaci\u00f3n y vigilancia en materia de nutrici\u00f3n<\/p>\n\n\n\n<p>De acuerdo con la Encuesta Nacional de Salud y Nutrici\u00f3n (ENSANUT) 2020, el 75.2% de los adultos mexicanos tienen sobrepeso u obesidad, lo que coloca a M\u00e9xico como uno de los pa\u00edses con mayor prevalencia de esta enfermedad a nivel mundial. La obesidad infantil tambi\u00e9n es un problema grave, ya que, de acuerdo con la misma encuesta, el 35.2% de los ni\u00f1os y adolescentes de entre 5 y 11 a\u00f1os padecen sobrepeso u obesidad.<\/p>\n\n\n\n<p>En torno a la obesidad, esta enfermedad no solo afecta la apariencia f\u00edsica, sino que tiene un profundo impacto en la salud general con el riesgo de desarrollar enfermedades graves como la Diabetes tipo 2, trastornos respiratorios, problemas articulares y musculares, enfermedades cardiovasculares y alg\u00fan tipo de c\u00e1ncer.<\/p>\n\n\n\n<p>Esta Ley para Prevenir y Atender la Obesidad y los Trastornos Alimenticios para el Estado de Tamaulipas consta de 22 art\u00edculos, 5 cap\u00edtulos y una serie de incisos donde se especifica las tareas de cada uno, por ejemplo, su art\u00edculo 5 se\u00f1ala:<\/p>\n\n\n\n<p>Corresponde al Gobierno del Estado de Tamaulipas:<\/p>\n\n\n\n<p>I. Formular el Programa del Estado de Tamaulipas para la Prevenci\u00f3n y Combate de la Obesidad, Sobrepeso y Trastornos de la Conducta Alimentaria;<\/p>\n\n\n\n<p>II. Garantizar la disponibilidad de servicios de salud de calidad para la prevenci\u00f3n y combate de la obesidad, sobrepeso y trastornos de la conducta alimentaria en el Estado de Tamaulipas, por conducto de la Secretar\u00eda de Salud;<\/p>\n\n\n\n<p>III. Promover, amplia y permanentemente, la adopci\u00f3n social de h\u00e1bitos de alimentaci\u00f3n y nutricionales correctos, integrando la lactancia materna como el primer derecho humano a una alimentaci\u00f3n nutritiva suficiente y de calidad, en colaboraci\u00f3n con las autoridades educativas del Estado de Tamaulipas.<\/p>\n","protected":false},"excerpt":{"rendered":"<p>* Presenta la diputada local, Ana Laura Huerta, iniciativa que incluye la orientaci\u00f3n, vigilancia y promoci\u00f3n de la nutrici\u00f3n y de las condiciones alimentarias. * Se busca adem\u00e1s prevenir trastornos alimenticios como la anorexia o la bulimia. Por: Agencias Nuevo Laredo, Tam. \u2013 \u201cEl prop\u00f3sito de esta iniciativa es proporcionar un marco jur\u00eddico que permita &hellip;<\/p>\n","protected":false},"author":1,"featured_media":16379,"comment_status":"open","ping_status":"open","sticky":false,"template":"","format":"standard","meta":{"footnotes":""},"categories":[39],"tags":[],"class_list":["post-16378","post","type-post","status-publish","format-standard","has-post-thumbnail","","category-tamaulipas"],"_links":{"self":[{"href":"https:\/\/www.radiointeractivo.com.mx\/index.php?rest_route=\/wp\/v2\/posts\/16378","targetHints":{"allow":["GET"]}}],"collection":[{"href":"https:\/\/www.radiointeractivo.com.mx\/index.php?rest_route=\/wp\/v2\/posts"}],"about":[{"href":"https:\/\/www.radiointeractivo.com.mx\/index.php?rest_route=\/wp\/v2\/types\/post"}],"author":[{"embeddable":true,"href":"https:\/\/www.radiointeractivo.com.mx\/index.php?rest_route=\/wp\/v2\/users\/1"}],"replies":[{"embeddable":true,"href":"https:\/\/www.radiointeractivo.com.mx\/index.php?rest_route=%2Fwp%2Fv2%2Fcomments&post=16378"}],"version-history":[{"count":1,"href":"https:\/\/www.radiointeractivo.com.mx\/index.php?rest_route=\/wp\/v2\/posts\/16378\/revisions"}],"predecessor-version":[{"id":16380,"href":"https:\/\/www.radiointeractivo.com.mx\/index.php?rest_route=\/wp\/v2\/posts\/16378\/revisions\/16380"}],"wp:featuredmedia":[{"embeddable":true,"href":"https:\/\/www.radiointeractivo.com.mx\/index.php?rest_route=\/wp\/v2\/media\/16379"}],"wp:attachment":[{"href":"https:\/\/www.radiointeractivo.com.mx\/index.php?rest_route=%2Fwp%2Fv2%2Fmedia&parent=16378"}],"wp:term":[{"taxonomy":"category","embeddable":true,"href":"https:\/\/www.radiointeractivo.com.mx\/index.php?rest_route=%2Fwp%2Fv2%2Fcategories&post=16378"},{"taxonomy":"post_tag","embeddable":true,"href":"https:\/\/www.radiointeractivo.com.mx\/index.php?rest_route=%2Fwp%2Fv2%2Ftags&post=16378"}],"curies":[{"name":"wp","href":"https:\/\/api.w.org\/{rel}","templated":true}]}}